{"id":4741,"date":"2020-02-18T12:52:15","date_gmt":"2020-02-18T15:52:15","guid":{"rendered":"https:\/\/pinews.com.br\/?p=4741"},"modified":"2020-02-18T12:52:15","modified_gmt":"2020-02-18T15:52:15","slug":"homem-e-flagrado-furtando-motocicleta-em-delegacia-desativada-em-picos","status":"publish","type":"post","link":"https:\/\/pinews.com.br\/index.php\/2020\/02\/18\/homem-e-flagrado-furtando-motocicleta-em-delegacia-desativada-em-picos\/","title":{"rendered":"Homem \u00e9 flagrado furtando motocicleta em delegacia desativada em Picos"},"content":{"rendered":"\n<p><em>Foto: Reprodu\u00e7\u00e3o<\/em> <\/p>\n\n\n\n<p style=\"text-align:justify\">Um homem foi preso na tarde dessa segunda-feira (17) suspeito de tentar furtar uma motocicleta do antigo pr\u00e9dio da delegacia de Pol\u00edcia Civil de Picos, distante 307 km de Teresina. De acordo o com major Felipe, comandante do 4\u00b0 Batalh\u00e3o Pol\u00edcia Militar, o suspeito foi preso em flagrante retirando a motocicleta de dentro do pr\u00e9dio da delegacia que se encontra abandonada.<\/p>\n\n\n\n<p style=\"text-align:justify\">Segundo o comandante do 4\u00b0 Batalh\u00e3o de Pol\u00edcia Militar, populares suspeitaram da movimenta\u00e7\u00e3o de uma pessoa tentando entrar no pr\u00e9dio que possui v\u00e1rios ve\u00edculos armazenados e decidiram ligar para a pol\u00edcia.<\/p>\n\n\n\n<p style=\"text-align:justify\">Ao chegar ao local, os policiais identificaram o suspeito que j\u00e1 se preparava para deixar o pr\u00e9dio e deram voz de pris\u00e3o. O condutor e o ve\u00edculo foram conduzidos para a nova sede da Central de Flagrantes.<\/p>\n\n\n\n<h2>Hist\u00f3rico de furtos<\/h2>\n\n\n\n<figure class=\"wp-block-image\"><img decoding=\"async\" src=\"https:\/\/s2.glbimg.com\/Ygo3idrB2tFNQO0mwWuquB3I-ZE=\/0x0:629x354\/984x0\/smart\/filters:strip_icc()\/i.s3.glbimg.com\/v1\/AUTH_59edd422c0c84a879bd37670ae4f538a\/internal_photos\/bs\/2018\/I\/a\/tHiZlWT2CWJhjGBKGj3Q\/1555.jpg\" alt=\"Pr\u00e9dio de antiga delegacia se torna \u2018cemit\u00e9rio\u2019 de ve\u00edculos, em Picos, Sul do Piau\u00ed \u2014 Foto: Reprodu\u00e7\u00e3o\/TV Clube\"\/><figcaption>Pr\u00e9dio de antiga delegacia se torna \u2018cemit\u00e9rio\u2019 de ve\u00edculos, em Picos, Sul do Piau\u00ed \u2014 Foto: Reprodu\u00e7\u00e3o\/TV Clube<\/figcaption><\/figure>\n\n\n\n<p style=\"text-align:justify\">Essa n\u00e3o foi a primeira vez que a delegacia, que atualmente se encontra abandonada e serve como dep\u00f3sito de ve\u00edculos apreendidos durante opera\u00e7\u00f5es da pol\u00edcia, \u00e9 alvo da a\u00e7\u00e3o de criminosos. Em agosto de 2018, uma crian\u00e7a de 8 anos e mais seis pessoas foram flagradas pela Pol\u00edcia Civil quando tentavam furtar pe\u00e7as de motocicletas e coletes \u00e0 prova de balas.<\/p>\n\n\n\n<p style=\"text-align:justify\">Em janeiro de 2019, dois homens foram presos por suspeita de furto dentro do antigo pr\u00e9dio da delegacia. Na ocasi\u00e3o, pe\u00e7as de ve\u00edculos apreendidos no im\u00f3vel foram encontradas com os homens.<\/p>\n\n\n\n<h2>Abandono<\/h2>\n\n\n\n<figure class=\"wp-block-image\"><img decoding=\"async\" src=\"https:\/\/s2.glbimg.com\/ffnQty4dh26Rm-RDyz6NdnPARis=\/0x0:1279x713\/984x0\/smart\/filters:strip_icc()\/i.s3.glbimg.com\/v1\/AUTH_59edd422c0c84a879bd37670ae4f538a\/internal_photos\/bs\/2018\/c\/B\/EYdBmVRB6pWB3QiVzKKQ\/moto1.jpg\" alt=\"Ve\u00edculos apreendidos se amontoam no antigo pr\u00e9dio da Delegacia de Picos \u2014 Foto: TV Clube\"\/><figcaption>Ve\u00edculos apreendidos se amontoam no antigo pr\u00e9dio da Delegacia de Picos \u2014 Foto: TV Clube<\/figcaption><\/figure>\n\n\n\n<p style=\"text-align:justify\">Desde que o pr\u00e9dio foi completamente desativado, n\u00e3o h\u00e1 policiais fazendo a seguran\u00e7a. Os ve\u00edculos apreendidos em opera\u00e7\u00f5es da pol\u00edcia permaneceram mesmo ap\u00f3s a desativa\u00e7\u00e3o que aconteceu em 2015 e ainda n\u00e3o possuem previs\u00e3o de retirada.<\/p>\n\n\n\n<h2>Inc\u00eandio<\/h2>\n\n\n\n<figure class=\"wp-block-image\"><img decoding=\"async\" src=\"https:\/\/s2.glbimg.com\/Ug5i2WOLSqZ3VxsGqeDDe18-rek=\/0x0:1280x960\/984x0\/smart\/filters:strip_icc()\/i.s3.glbimg.com\/v1\/AUTH_59edd422c0c84a879bd37670ae4f538a\/internal_photos\/bs\/2020\/A\/g\/UaVuRvSNCUnDg1thoBpw\/1-incendio.jpeg\" alt=\"Ve\u00edculos ficaram destru\u00eddos ap\u00f3s inc\u00eandio em delegacia abandonada \u2014 Foto: Ant\u00f4nio Rocha TV Clube\"\/><figcaption>Ve\u00edculos ficaram destru\u00eddos ap\u00f3s inc\u00eandio em delegacia abandonada \u2014 Foto: Ant\u00f4nio Rocha TV Clube<\/figcaption><\/figure>\n\n\n\n<p style=\"text-align:justify\">Em janeiro deste ano, um inc\u00eandio de grande propor\u00e7\u00e3o atingiu o p\u00e1tio do pr\u00e9dio e destruiu dezenas de ve\u00edculos que est\u00e3o armazenados no local. O Corpo de Bombeiros foi acionado e conseguiu controlar as chamas por volta das 2h da madrugada.<\/p>\n\n\n\n<p style=\"text-align:justify\">Na ocasi\u00e3o, o secret\u00e1rio de seguran\u00e7a, F\u00e1bio Abreu, informou que os ve\u00edculos apreendidos em opera\u00e7\u00f5es policiais s\u00e3o de responsabilidade da Justi\u00e7a. O secret\u00e1rio informou, ainda, que o pr\u00e9dio onde funcionava a sede da 3\u00aa Delegacia Regional de Pol\u00edcia Civil em Picos era alugado e est\u00e1 sendo devolvido para o propriet\u00e1rio.<\/p>\n\n\n\n<h2>Alvo de a\u00e7\u00e3o do MP<\/h2>\n\n\n\n<p style=\"text-align:justify\">Em 2018, o Minist\u00e9rio P\u00fablico ingressou com uma a\u00e7\u00e3o para a remo\u00e7\u00e3o dos ve\u00edculos. Na oportunidade, a promotora Romana Leite Vieira reafirmou que a responsabilidade sobre os ve\u00edculos tamb\u00e9m era da Justi\u00e7a.<\/p>\n\n\n\n<p style=\"text-align:justify\">\u201cDurante o inqu\u00e9rito policial, a responsabilidade \u00e9 da Pol\u00edcia Civil. A partir do momento que h\u00e1 a apresenta\u00e7\u00e3o da den\u00fancia, aquele ve\u00edculo \u00e9 formalmente entregue ao poder judici\u00e1rio e a responsabilidade \u00e9 deles\u201d, disse.<\/p>\n\n\n\n<p style=\"text-align:justify\">J\u00e1 a Corregedoria do Tribunal de Justi\u00e7a informou que aguarda levantamento da Secretaria de Seguran\u00e7a P\u00fablica do Piau\u00ed (SSP-PI) para realizar leil\u00e3o dos ve\u00edculos sob sua responsabilidade.<\/p>\n\n\n\n<p><strong>Fonte: G1 PI<\/strong><\/p>\n","protected":false},"excerpt":{"rendered":"<p>Foto: Reprodu\u00e7\u00e3o Um homem foi preso na tarde dessa segunda-feira (17) suspeito de tentar furtar uma motocicleta do antigo pr\u00e9dio da delegacia de Pol\u00edcia Civil de Picos, distante 307 km de Teresina. De acordo o com major Felipe, comandante do 4\u00b0 Batalh\u00e3o Pol\u00edcia Militar, o suspeito foi preso em flagrante retirando a motocicleta de dentro [&hellip;]<\/p>\n","protected":false},"author":1,"featured_media":4745,"comment_status":"open","ping_status":"open","sticky":false,"template":"","format":"standard","meta":{"beyondwords_generate_audio":"","beyondwords_project_id":"","beyondwords_podcast_id":"","beyondwords_hash":"","beyondwords_error_message":"","beyondwords_disabled":"","publish_post_to_speechkit":"","speechkit_generate_audio":"","speechkit_project_id":"","speechkit_podcast_id":"","speechkit_hash":"","speechkit_error_message":"","speechkit_disabled":"","speechkit_access_key":"","speechkit_error":"","speechkit_info":"","speechkit_response":"","speechkit_retries":"","_speechkit_link":"","_speechkit_text":""},"categories":[124,51,126],"tags":[2061,988,2062,179,52,125],"jetpack_featured_media_url":"","_links":{"self":[{"href":"https:\/\/pinews.com.br\/index.php\/wp-json\/wp\/v2\/posts\/4741"}],"collection":[{"href":"https:\/\/pinews.com.br\/index.php\/wp-json\/wp\/v2\/posts"}],"about":[{"href":"https:\/\/pinews.com.br\/index.php\/wp-json\/wp\/v2\/types\/post"}],"author":[{"embeddable":true,"href":"https:\/\/pinews.com.br\/index.php\/wp-json\/wp\/v2\/users\/1"}],"replies":[{"embeddable":true,"href":"https:\/\/pinews.com.br\/index.php\/wp-json\/wp\/v2\/comments?post=4741"}],"version-history":[{"count":0,"href":"https:\/\/pinews.com.br\/index.php\/wp-json\/wp\/v2\/posts\/4741\/revisions"}],"wp:featuredmedia":[{"embeddable":true,"href":"https:\/\/pinews.com.br\/index.php\/wp-json\/"}],"wp:attachment":[{"href":"https:\/\/pinews.com.br\/index.php\/wp-json\/wp\/v2\/media?parent=4741"}],"wp:term":[{"taxonomy":"category","embeddable":true,"href":"https:\/\/pinews.com.br\/index.php\/wp-json\/wp\/v2\/categories?post=4741"},{"taxonomy":"post_tag","embeddable":true,"href":"https:\/\/pinews.com.br\/index.php\/wp-json\/wp\/v2\/tags?post=4741"}],"curies":[{"name":"wp","href":"https:\/\/api.w.org\/{rel}","templated":true}]}}