{"id":47412,"date":"2023-03-31T11:52:42","date_gmt":"2023-03-31T14:52:42","guid":{"rendered":"https:\/\/pinews.com.br\/?p=45435"},"modified":"2023-05-16T18:42:05","modified_gmt":"2023-05-16T21:42:05","slug":"em-picos-prf-recupera-carreta-furtada-em-minas-gerais","status":"publish","type":"post","link":"https:\/\/pinews.com.br\/index.php\/2023\/03\/31\/em-picos-prf-recupera-carreta-furtada-em-minas-gerais\/","title":{"rendered":"Em Picos, PRF recupera carreta furtada em Minas Gerais"},"content":{"rendered":"\n<p>Pol\u00edcia Rodovi\u00e1ria Federal (PRF) deteve um homem na tarde de ontem (30) por recepta\u00e7\u00e3o de ve\u00edculo em Picos\/PI. O flagrante aconteceu na BR 316 quando a equipe abordou um caminh\u00e3o que estava atrelado a uma carreta (semirreboque), o qual era conduzido por um homem de 40 anos.<\/p>\n\n\n\n<p>Durante a abordagem, foi realizada uma consulta aos sistemas m\u00f3veis da PRF, os agentes identificaram que o semirreboque, que estava atrelado ao caminh\u00e3o, tinha uma restri\u00e7\u00e3o de furto na cidade de Ub\u00e1-MG, em janeiro deste ano. Ao ser indagado, o condutor afirmou que teria pego o ve\u00edculo com o patr\u00e3o e n\u00e3o sabia da situa\u00e7\u00e3o do ve\u00edculo.<\/p>\n\n\n\n<p>Diante dos fatos, o homem foi enquadrado como autor de recepta\u00e7\u00e3o de ve\u00edculo e encaminhado \u00e0 Central de Flagrantes da cidade de Picos\/PI para ado\u00e7\u00e3o dos procedimentos cab\u00edveis.<\/p>\n\n\n\n<p>A PRF ressalta a import\u00e2ncia de verificar a proced\u00eancia dos ve\u00edculos antes de adquiri-los, evitando assim a pr\u00e1tica de recepta\u00e7\u00e3o. A pol\u00edcia destaca que a recepta\u00e7\u00e3o \u00e9 um crime previsto no C\u00f3digo Penal, que consiste em adquirir, receber, transportar, conduzir ou ocultar produtos de crimes, como ve\u00edculos roubados ou furtados. A pena para esse tipo de crime pode chegar a 8 anos de reclus\u00e3o, al\u00e9m de multa.<\/p>\n\n\n\n<p><strong>Fonte: PRF<\/strong><\/p>\n","protected":false},"excerpt":{"rendered":"<p>Pol\u00edcia Rodovi\u00e1ria Federal (PRF) deteve um homem na tarde de ontem (30) por recepta\u00e7\u00e3o de ve\u00edculo em Picos\/PI. O flagrante aconteceu na BR 316 quando a equipe abordou um caminh\u00e3o que estava atrelado a uma carreta (semirreboque), o qual era conduzido por um homem de 40 anos. Durante a abordagem, foi realizada uma consulta aos [&hellip;]<\/p>\n","protected":false},"author":1,"featured_media":48152,"comment_status":"open","ping_status":"open","sticky":false,"template":"","format":"standard","meta":{"beyondwords_generate_audio":"","beyondwords_project_id":"","beyondwords_podcast_id":"","beyondwords_hash":"","beyondwords_error_message":"","beyondwords_disabled":"","publish_post_to_speechkit":"","speechkit_generate_audio":"","speechkit_project_id":"","speechkit_podcast_id":"","speechkit_hash":"","speechkit_error_message":"","speechkit_disabled":"","speechkit_access_key":"","speechkit_error":"","speechkit_info":"","speechkit_response":"","speechkit_retries":"","_speechkit_link":"","_speechkit_text":""},"categories":[124,51,126,78],"tags":[448,46,872,7632,7633,125,104,937],"jetpack_featured_media_url":"https:\/\/pinews.com.br\/wp-content\/uploads\/2023\/03\/Carreta-roubada-e-recuperada-em-Picos-1024x596-1-696x405-1.jpg","_links":{"self":[{"href":"https:\/\/pinews.com.br\/index.php\/wp-json\/wp\/v2\/posts\/47412"}],"collection":[{"href":"https:\/\/pinews.com.br\/index.php\/wp-json\/wp\/v2\/posts"}],"about":[{"href":"https:\/\/pinews.com.br\/index.php\/wp-json\/wp\/v2\/types\/post"}],"author":[{"embeddable":true,"href":"https:\/\/pinews.com.br\/index.php\/wp-json\/wp\/v2\/users\/1"}],"replies":[{"embeddable":true,"href":"https:\/\/pinews.com.br\/index.php\/wp-json\/wp\/v2\/comments?post=47412"}],"version-history":[{"count":1,"href":"https:\/\/pinews.com.br\/index.php\/wp-json\/wp\/v2\/posts\/47412\/revisions"}],"predecessor-version":[{"id":48153,"href":"https:\/\/pinews.com.br\/index.php\/wp-json\/wp\/v2\/posts\/47412\/revisions\/48153"}],"wp:featuredmedia":[{"embeddable":true,"href":"https:\/\/pinews.com.br\/index.php\/wp-json\/wp\/v2\/media\/48152"}],"wp:attachment":[{"href":"https:\/\/pinews.com.br\/index.php\/wp-json\/wp\/v2\/media?parent=47412"}],"wp:term":[{"taxonomy":"category","embeddable":true,"href":"https:\/\/pinews.com.br\/index.php\/wp-json\/wp\/v2\/categories?post=47412"},{"taxonomy":"post_tag","embeddable":true,"href":"https:\/\/pinews.com.br\/index.php\/wp-json\/wp\/v2\/tags?post=47412"}],"curies":[{"name":"wp","href":"https:\/\/api.w.org\/{rel}","templated":true}]}}