{"id":47414,"date":"2023-03-31T18:11:16","date_gmt":"2023-03-31T21:11:16","guid":{"rendered":"https:\/\/pinews.com.br\/?p=45441"},"modified":"2023-03-31T18:11:16","modified_gmt":"2023-03-31T21:11:16","slug":"trabalhadores-do-piaui-sao-resgatados-de-pedreira-em-condicoes-analogas-a-escravidao-no-pr","status":"publish","type":"post","link":"https:\/\/pinews.com.br\/index.php\/2023\/03\/31\/trabalhadores-do-piaui-sao-resgatados-de-pedreira-em-condicoes-analogas-a-escravidao-no-pr\/","title":{"rendered":"Trabalhadores do Piau\u00ed s\u00e3o resgatados de pedreira em condi\u00e7\u00f5es an\u00e1logas \u00e0 escravid\u00e3o no PR"},"content":{"rendered":"\n<p>Um dos 14 trabalhadores resgatados em condi\u00e7\u00f5es an\u00e1logas \u00e0 escravid\u00e3o, em uma pedreira em Mau\u00e1 da Serra, no norte do Paran\u00e1, relatou como viviam em meio \u00e0 insalubridade e ao risco de vida no trabalho.<\/p>\n\n\n\n<p>\u201cFaltava muito equipamento de trabalho, assim, como j\u00e1 aconteceu de alguns dos rapazes cair um bloco de pedra e ele quebrar o p\u00e9 e ter que continuar trabalhando porque n\u00e3o tem uma carteira registrada\u201d, afirmou.<\/p>\n\n\n\n<p>As v\u00edtimas foram resgatadas por agentes do Minist\u00e9rio do Trabalho e Previd\u00eancia (MTE). A informa\u00e7\u00e3o foi divulgada na quinta-feira (30). Sete trabalhadores que vieram do Piau\u00ed viviam em um curral com animais.<\/p>\n\n\n\n<p>Um homem, que prefere n\u00e3o ser identificado, afirmou que para se manter teria que continuar trabalhando nessas condi\u00e7\u00f5es.<\/p>\n\n\n\n<p>\u201c\u00c9, eu sei que \u00e9 dif\u00edcil, mas a gente precisa, n\u00e9\u201d, contou.<\/p>\n\n\n\n<p><br>O resgate foi feito na segunda-feira (27), conforme o MTE, e os respons\u00e1veis pela pedreira e pela contrata\u00e7\u00e3o dos trabalhadores foram autuados por trabalho an\u00e1logo a escravid\u00e3o, conforme o \u00f3rg\u00e3o.<\/p>\n\n\n\n<p>O local foi interditado at\u00e9 que tudo seja regularizado, segundo o \u00f3rg\u00e3o.<\/p>\n\n\n\n<h2>Risco \u00e0 vida<\/h2>\n\n\n\n<p>Conforme o auditor fiscal, os trabalhadores utilizavam uso de explosivos irregulares e sem licen\u00e7a para detona\u00e7\u00e3o de pedras.<\/p>\n\n\n\n<p>\u201cExplodiam pedras. Precisa ter libera\u00e7\u00e3o do ex\u00e9rcito. Tudo era improvisado no local. Eles criavam a pr\u00f3pria p\u00f3lvora para detonar as rochas\u201d, disse.<\/p>\n\n\n\n<p>Os trabalhadores faziam a mistura de p\u00f3lvora com salitre, carv\u00e3o e enxofre, socavam em uma bomba e colocavam para explodir, conforme Edvaldo.<\/p>\n\n\n\n<p>Ainda conforme os relatos das v\u00edtimas, de acordo com o auditor, cada um precisava levar a pr\u00f3pria ferramenta para realizar os trabalhos.<\/p>\n\n\n\n<p>Den\u00fancias de trabalho an\u00e1logo ao de escravo podem ser feitas de forma an\u00f4nima no&nbsp;<a class=\"\" href=\"https:\/\/ipe.sit.trabalho.gov.br\/\" target=\"_blank\" rel=\"noreferrer noopener\">Sistema Ip\u00ea, pela internet.<\/a><\/p>\n\n\n\n<figure class=\"wp-block-image\"><img decoding=\"async\" src=\"https:\/\/s2.glbimg.com\/rBwKpvAag4SaLXiiIVEt1VhaP-0=\/0x0:1280x720\/984x0\/smart\/filters:strip_icc()\/i.s3.glbimg.com\/v1\/AUTH_59edd422c0c84a879bd37670ae4f538a\/internal_photos\/bs\/2023\/Q\/N\/mupGhkRbyW2AAh00Aldg\/whatsapp-image-2023-03-30-at-10.54.51-1-.jpeg\" alt=\"Trabalhadores utilizavam produtos irregulares para fazer explosivos \u2014 Foto: MTE\"\/><figcaption class=\"wp-element-caption\">Trabalhadores utilizavam produtos irregulares para fazer explosivos \u2014 Foto: MTE<\/figcaption><\/figure>\n\n\n\n<figure class=\"wp-block-image\"><img decoding=\"async\" src=\"https:\/\/s2.glbimg.com\/VPFyweZo3IXE3Sob44o187AwoGE=\/0x0:1280x963\/984x0\/smart\/filters:strip_icc()\/i.s3.glbimg.com\/v1\/AUTH_59edd422c0c84a879bd37670ae4f538a\/internal_photos\/bs\/2023\/z\/i\/GN2AJBRJKVVaGZUk0M3Q\/whatsapp-image-2023-03-30-at-10.25.09.jpeg\" alt=\"Trabalhadores s\u00e3o resgatados em situa\u00e7\u00e3o an\u00e1loga \u00e0 escravid\u00e3o \u2014 Foto: MTE\"\/><figcaption class=\"wp-element-caption\">Trabalhadores s\u00e3o resgatados em situa\u00e7\u00e3o an\u00e1loga \u00e0 escravid\u00e3o \u2014 Foto: MTE<\/figcaption><\/figure>\n\n\n\n<p>De acordo com o MTE, as condi\u00e7\u00f5es que os trabalhadores viviam n\u00e3o atendiam \u00e0 legisla\u00e7\u00e3o trabalhista.<\/p>\n\n\n\n<p>\u201cA situa\u00e7\u00e3o era degradante, tanto por conta do alojamento, quanto do trabalho\u201d, afirmou.<\/p>\n\n\n\n<p>Al\u00e9m disso, os trabalhadores precisavam custear gastos com alimenta\u00e7\u00e3o e produtos pessoais e n\u00e3o conseguiam pagar as d\u00edvidas.<\/p>\n\n\n\n<h2>Investiga\u00e7\u00e3o<\/h2>\n\n\n\n<p>Conforme o MTE, dos 14 trabalhadores, sete fazem parte de um grupo que veio do Piau\u00ed. Nenhum tinha registro na carteira, conforme a investiga\u00e7\u00e3o.<\/p>\n\n\n\n<p>Em depoimento, segundo auditor fiscal, os donos reconheceram o erro e afirmaram que far\u00e3o o pagamento para todas as v\u00edtimas. A indeniza\u00e7\u00e3o ainda est\u00e1 sendo calculada.<\/p>\n\n\n\n<p>&#8220;A empresa vai ser notificada pelo MPT. Haver\u00e1 responsabilidade administrativa, e ser\u00e1 notificada civilmente\u201d, falou.<\/p>\n\n\n\n<h2>Resgate<\/h2>\n\n\n\n<p>Os trabalhadores foram levados para um hotel, onde receberam banho e alimenta\u00e7\u00e3o. Eles agudam o pagamento dos direitos trabalhistas, segundo o MTE.<\/p>\n\n\n\n<p>A C\u00e2mara Municipal do munic\u00edpio foi usada para os trabalhadores serem ouvidos por auditores e procuradores. Parte deles retornaram para resid\u00eancia.<\/p>\n\n\n\n<p><strong>Veja fotos do local:<\/strong><\/p>\n\n\n\n<figure class=\"wp-block-image\"><img decoding=\"async\" src=\"https:\/\/s2.glbimg.com\/VSc8eP9wy5C_JVdz9efqpQ_ctrU=\/0x0:1280x963\/984x0\/smart\/filters:strip_icc()\/i.s3.glbimg.com\/v1\/AUTH_59edd422c0c84a879bd37670ae4f538a\/internal_photos\/bs\/2023\/h\/N\/yQUGC8RT6BJBaaM5Yirg\/whatsapp-image-2023-03-30-at-10.25.11-1-.jpeg\" alt=\"Trabalhadores s\u00e3o resgatados em situa\u00e7\u00e3o an\u00e1loga \u00e0 escravid\u00e3o \u2014 Foto: MTE\/divulga\u00e7\u00e3o\"\/><figcaption class=\"wp-element-caption\">Trabalhadores s\u00e3o resgatados em situa\u00e7\u00e3o an\u00e1loga \u00e0 escravid\u00e3o \u2014 Foto: MTE\/divulga\u00e7\u00e3o<\/figcaption><\/figure>\n\n\n\n<figure class=\"wp-block-image\"><img decoding=\"async\" src=\"https:\/\/s2.glbimg.com\/8w4yKRmnFiSy7Ek2PfC3iz-SwOE=\/0x0:1280x963\/984x0\/smart\/filters:strip_icc()\/i.s3.glbimg.com\/v1\/AUTH_59edd422c0c84a879bd37670ae4f538a\/internal_photos\/bs\/2023\/K\/j\/BCBF8bREAzg92gS8YAwQ\/whatsapp-image-2023-03-30-at-10.25.10.jpeg\" alt=\"Trabalhadores s\u00e3o resgatados em situa\u00e7\u00e3o an\u00e1loga \u00e0 escravid\u00e3o \u2014 Foto: MTE\"\/><figcaption class=\"wp-element-caption\">Trabalhadores s\u00e3o resgatados em situa\u00e7\u00e3o an\u00e1loga \u00e0 escravid\u00e3o \u2014 Foto: MTE<\/figcaption><\/figure>\n\n\n\n<figure class=\"wp-block-image\"><img decoding=\"async\" src=\"https:\/\/s2.glbimg.com\/5SI5bOfIbqa-490kgbR6JnbL4Tg=\/0x0:1280x963\/984x0\/smart\/filters:strip_icc()\/i.s3.glbimg.com\/v1\/AUTH_59edd422c0c84a879bd37670ae4f538a\/internal_photos\/bs\/2023\/0\/d\/zzFx8ASwAis4KEWOSlAw\/whatsapp-image-2023-03-30-at-10.25.08.jpeg\" alt=\"Trabalhadores s\u00e3o resgatados em situa\u00e7\u00e3o an\u00e1loga \u00e0 escravid\u00e3o \u2014 Foto: MTE\"\/><figcaption class=\"wp-element-caption\">Trabalhadores s\u00e3o resgatados em situa\u00e7\u00e3o an\u00e1loga \u00e0 escravid\u00e3o \u2014 Foto: MTE<\/figcaption><\/figure>\n\n\n\n<p><strong>Fonte: G1 PI <\/strong><\/p>\n","protected":false},"excerpt":{"rendered":"<p>Um dos 14 trabalhadores resgatados em condi\u00e7\u00f5es an\u00e1logas \u00e0 escravid\u00e3o, em uma pedreira em Mau\u00e1 da Serra, no norte do Paran\u00e1, relatou como viviam em meio \u00e0 insalubridade e ao risco de vida no trabalho. \u201cFaltava muito equipamento de trabalho, assim, como j\u00e1 aconteceu de alguns dos rapazes cair um bloco de pedra e ele [&hellip;]<\/p>\n","protected":false},"author":1,"featured_media":45442,"comment_status":"open","ping_status":"open","sticky":false,"template":"","format":"standard","meta":{"beyondwords_generate_audio":"","beyondwords_project_id":"","beyondwords_podcast_id":"","beyondwords_hash":"","beyondwords_error_message":"","beyondwords_disabled":"","publish_post_to_speechkit":"","speechkit_generate_audio":"","speechkit_project_id":"","speechkit_podcast_id":"","speechkit_hash":"","speechkit_error_message":"","speechkit_disabled":"","speechkit_access_key":"","speechkit_error":"","speechkit_info":"","speechkit_response":"","speechkit_retries":"","_speechkit_link":"","_speechkit_text":""},"categories":[134,51],"tags":[794,5561,1055,44,46,796,11285,52,11286,1760,362,1133],"jetpack_featured_media_url":"","_links":{"self":[{"href":"https:\/\/pinews.com.br\/index.php\/wp-json\/wp\/v2\/posts\/47414"}],"collection":[{"href":"https:\/\/pinews.com.br\/index.php\/wp-json\/wp\/v2\/posts"}],"about":[{"href":"https:\/\/pinews.com.br\/index.php\/wp-json\/wp\/v2\/types\/post"}],"author":[{"embeddable":true,"href":"https:\/\/pinews.com.br\/index.php\/wp-json\/wp\/v2\/users\/1"}],"replies":[{"embeddable":true,"href":"https:\/\/pinews.com.br\/index.php\/wp-json\/wp\/v2\/comments?post=47414"}],"version-history":[{"count":0,"href":"https:\/\/pinews.com.br\/index.php\/wp-json\/wp\/v2\/posts\/47414\/revisions"}],"wp:featuredmedia":[{"embeddable":true,"href":"https:\/\/pinews.com.br\/index.php\/wp-json\/"}],"wp:attachment":[{"href":"https:\/\/pinews.com.br\/index.php\/wp-json\/wp\/v2\/media?parent=47414"}],"wp:term":[{"taxonomy":"category","embeddable":true,"href":"https:\/\/pinews.com.br\/index.php\/wp-json\/wp\/v2\/categories?post=47414"},{"taxonomy":"post_tag","embeddable":true,"href":"https:\/\/pinews.com.br\/index.php\/wp-json\/wp\/v2\/tags?post=47414"}],"curies":[{"name":"wp","href":"https:\/\/api.w.org\/{rel}","templated":true}]}}