{"id":47418,"date":"2023-04-01T11:04:26","date_gmt":"2023-04-01T14:04:26","guid":{"rendered":"https:\/\/pinews.com.br\/?p=45462"},"modified":"2023-04-01T11:04:26","modified_gmt":"2023-04-01T14:04:26","slug":"proposta-institui-colar-de-girassol-para-identificar-deficiencias-nao-visiveis-no-piaui","status":"publish","type":"post","link":"https:\/\/pinews.com.br\/index.php\/2023\/04\/01\/proposta-institui-colar-de-girassol-para-identificar-deficiencias-nao-visiveis-no-piaui\/","title":{"rendered":"Proposta institui colar de girassol para identificar defici\u00eancias n\u00e3o vis\u00edveis no Piau\u00ed"},"content":{"rendered":"\n<p>Um Projeto de Lei Ordin\u00e1ria (PLO), apresentado na Assembleia Legislativa do Piau\u00ed (Alepi) na \u00faltima segunda-feira (27), pretende instituir o uso do \u2018colar de girassol\u2019 para auxiliar a orienta\u00e7\u00e3o para identifica\u00e7\u00e3o de pessoas com defici\u00eancias ocultas em todo o estado.&nbsp;<\/p>\n\n\n\n<p>De acordo com o PLO, pessoas com defici\u00eancias ocultas s\u00e3o aquelas que t\u00eam impedimento de longo prazo de natureza mental, intelectual ou sensorial, o qual, em intera\u00e7\u00e3o com uma ou mais barreiras, pode obstruir sua participa\u00e7\u00e3o plena e efetiva na sociedade em igualdade de condi\u00e7\u00f5es com as demais pessoas.<\/p>\n\n\n\n<p>Entre as defici\u00eancias que podem se enquadrar como ocultas, est\u00e1 o Transtorno do Espectro Autista (TEA). Franz\u00e9 explica que \u201co colar serve para a ado\u00e7\u00e3o de medidas simples para eliminar ou diminuir o sofrimento destas pessoas, ajudando a resolver a maioria das situa\u00e7\u00f5es de estresse e sofrimento causados por situa\u00e7\u00f5es cotidianas constrangedoras\u201d.<\/p>\n\n\n\n<p>Segundo o deputado Franz\u00e9 Silva (PT), autor da proposta, \u201cinstitui\u00e7\u00f5es como a OAB e a Associa\u00e7\u00e3o de Amigos dos Autistas nos procuraram. A ideia do colar de girassol, em todo o mundo, est\u00e1 focada na conscientiza\u00e7\u00e3o e dissemina\u00e7\u00e3o do conhecimento, para que as pessoas, espontaneamente, adotem comportamentos mais acolhedores e emp\u00e1ticos\u201d.<\/p>\n\n\n\n<p>O PLO disp\u00f5e que \u00e9 proibida a utiliza\u00e7\u00e3o do colar de girassol como mero adorno por quem n\u00e3o seja pessoa com defici\u00eancia e descumprir essa veda\u00e7\u00e3o pode gerar multa de 100 a 1.000 UFR-PI (Unidade Fiscal de Refer\u00eancia do Estado do Piau\u00ed) \u2013 ou seja, at\u00e9 R$ 4.320. Em caso de reincid\u00eancia, o valor da multa ser\u00e1 aplicado em dobro.<\/p>\n\n\n\n<p>Antes de ser votado em plen\u00e1rio a mat\u00e9ria ainda deve ser analisada pelas comiss\u00f5es tem\u00e1ticas da Alepi. Caso aprovada pelos deputados, o texto segue para san\u00e7\u00e3o do governador Rafael Fonteles (PT).<\/p>\n\n\n\n<p><strong>Fonte: Cidade Verde <\/strong><\/p>\n","protected":false},"excerpt":{"rendered":"<p>Um Projeto de Lei Ordin\u00e1ria (PLO), apresentado na Assembleia Legislativa do Piau\u00ed (Alepi) na \u00faltima segunda-feira (27), pretende instituir o uso do \u2018colar de girassol\u2019 para auxiliar a orienta\u00e7\u00e3o para identifica\u00e7\u00e3o de pessoas com defici\u00eancias ocultas em todo o estado.&nbsp; De acordo com o PLO, pessoas com defici\u00eancias ocultas s\u00e3o aquelas que t\u00eam impedimento de [&hellip;]<\/p>\n","protected":false},"author":1,"featured_media":45463,"comment_status":"open","ping_status":"open","sticky":false,"template":"","format":"standard","meta":{"beyondwords_generate_audio":"","beyondwords_project_id":"","beyondwords_podcast_id":"","beyondwords_hash":"","beyondwords_error_message":"","beyondwords_disabled":"","publish_post_to_speechkit":"","speechkit_generate_audio":"","speechkit_project_id":"","speechkit_podcast_id":"","speechkit_hash":"","speechkit_error_message":"","speechkit_disabled":"","speechkit_access_key":"","speechkit_error":"","speechkit_info":"","speechkit_response":"","speechkit_retries":"","_speechkit_link":"","_speechkit_text":""},"categories":[51],"tags":[11287,44,11288,11289,8926,8267,653,350,52,9021,11290],"jetpack_featured_media_url":"","_links":{"self":[{"href":"https:\/\/pinews.com.br\/index.php\/wp-json\/wp\/v2\/posts\/47418"}],"collection":[{"href":"https:\/\/pinews.com.br\/index.php\/wp-json\/wp\/v2\/posts"}],"about":[{"href":"https:\/\/pinews.com.br\/index.php\/wp-json\/wp\/v2\/types\/post"}],"author":[{"embeddable":true,"href":"https:\/\/pinews.com.br\/index.php\/wp-json\/wp\/v2\/users\/1"}],"replies":[{"embeddable":true,"href":"https:\/\/pinews.com.br\/index.php\/wp-json\/wp\/v2\/comments?post=47418"}],"version-history":[{"count":0,"href":"https:\/\/pinews.com.br\/index.php\/wp-json\/wp\/v2\/posts\/47418\/revisions"}],"wp:featuredmedia":[{"embeddable":true,"href":"https:\/\/pinews.com.br\/index.php\/wp-json\/"}],"wp:attachment":[{"href":"https:\/\/pinews.com.br\/index.php\/wp-json\/wp\/v2\/media?parent=47418"}],"wp:term":[{"taxonomy":"category","embeddable":true,"href":"https:\/\/pinews.com.br\/index.php\/wp-json\/wp\/v2\/categories?post=47418"},{"taxonomy":"post_tag","embeddable":true,"href":"https:\/\/pinews.com.br\/index.php\/wp-json\/wp\/v2\/tags?post=47418"}],"curies":[{"name":"wp","href":"https:\/\/api.w.org\/{rel}","templated":true}]}}