{"id":47428,"date":"2023-04-02T18:09:47","date_gmt":"2023-04-02T21:09:47","guid":{"rendered":"https:\/\/pinews.com.br\/?p=45496"},"modified":"2023-04-02T18:09:47","modified_gmt":"2023-04-02T21:09:47","slug":"acompanhante-de-paciente-tem-dedos-mutilados-em-cadeira-de-hospital-no-piaui","status":"publish","type":"post","link":"https:\/\/pinews.com.br\/index.php\/2023\/04\/02\/acompanhante-de-paciente-tem-dedos-mutilados-em-cadeira-de-hospital-no-piaui\/","title":{"rendered":"Acompanhante de paciente tem dedos mutilados em cadeira de hospital no Piau\u00ed"},"content":{"rendered":"\n<p>Uma mulher que acompanhava uma paciente internada no Hospital Get\u00falio Vargas perdeu parte de dois dedos em um acidente com uma cadeira, na madrugada de domingo (2).<\/p>\n\n\n\n<p>Segundo a comunica\u00e7\u00e3o do HGV, a acompanhante usou duas cadeiras para tentar se acomodar para dormir. Ela teria apoiado o suporte para os p\u00e9s da sua cadeira no suporte de outra. Assim, um dos suportes cedeu causando o acidente, e cortou os dedos dela. Duas falanges foram mutiladas. Ela foi socorrida pela equipe m\u00e9dica do hospital e encaminhada para o Hospital de Urg\u00eancia de Teresina (HUT), e passa bem. Ainda segundo o HGV, a cadeira em que aconteceu o acidente n\u00e3o apresenta defeito.<\/p>\n\n\n\n<p>Segundo Charlene da Silva, que estava acompanhando outra paciente na mesma enfermaria, a acompanhante retirou as cadeiras do lugar para se afastar de goteiras que pingavam dentro da enfermaria. O acidente aconteceu quando a acompanhante dormia, por volta da 1h20.<\/p>\n\n\n\n<blockquote class=\"wp-block-quote\">\n<p>&#8220;Por conta dessas goteiras que aconteceu esse acidente. A gente estava o tempo todo puxando as poltronas, procurando um lugar onde n\u00e3o tivesse goteiras para dormir&#8221;, relatou.<\/p>\n<\/blockquote>\n\n\n\n<p>Segundo Charlene, a v\u00edtima do acidente mora em Elesb\u00e3o Veloso, e est\u00e1 internada sem acompanhante, assim como a paciente que ela acompanhava no HGV.<\/p>\n\n\n\n<p><strong>Fonte: G1 PI <\/strong><\/p>\n","protected":false},"excerpt":{"rendered":"<p>Uma mulher que acompanhava uma paciente internada no Hospital Get\u00falio Vargas perdeu parte de dois dedos em um acidente com uma cadeira, na madrugada de domingo (2). Segundo a comunica\u00e7\u00e3o do HGV, a acompanhante usou duas cadeiras para tentar se acomodar para dormir. Ela teria apoiado o suporte para os p\u00e9s da sua cadeira no [&hellip;]<\/p>\n","protected":false},"author":1,"featured_media":45497,"comment_status":"open","ping_status":"open","sticky":false,"template":"","format":"standard","meta":{"beyondwords_generate_audio":"","beyondwords_project_id":"","beyondwords_podcast_id":"","beyondwords_hash":"","beyondwords_error_message":"","beyondwords_disabled":"","publish_post_to_speechkit":"","speechkit_generate_audio":"","speechkit_project_id":"","speechkit_podcast_id":"","speechkit_hash":"","speechkit_error_message":"","speechkit_disabled":"","speechkit_access_key":"","speechkit_error":"","speechkit_info":"","speechkit_response":"","speechkit_retries":"","_speechkit_link":"","_speechkit_text":""},"categories":[51,81],"tags":[6629,6978,44,8951,46,339,11294,2717,52,60],"jetpack_featured_media_url":"","_links":{"self":[{"href":"https:\/\/pinews.com.br\/index.php\/wp-json\/wp\/v2\/posts\/47428"}],"collection":[{"href":"https:\/\/pinews.com.br\/index.php\/wp-json\/wp\/v2\/posts"}],"about":[{"href":"https:\/\/pinews.com.br\/index.php\/wp-json\/wp\/v2\/types\/post"}],"author":[{"embeddable":true,"href":"https:\/\/pinews.com.br\/index.php\/wp-json\/wp\/v2\/users\/1"}],"replies":[{"embeddable":true,"href":"https:\/\/pinews.com.br\/index.php\/wp-json\/wp\/v2\/comments?post=47428"}],"version-history":[{"count":0,"href":"https:\/\/pinews.com.br\/index.php\/wp-json\/wp\/v2\/posts\/47428\/revisions"}],"wp:featuredmedia":[{"embeddable":true,"href":"https:\/\/pinews.com.br\/index.php\/wp-json\/"}],"wp:attachment":[{"href":"https:\/\/pinews.com.br\/index.php\/wp-json\/wp\/v2\/media?parent=47428"}],"wp:term":[{"taxonomy":"category","embeddable":true,"href":"https:\/\/pinews.com.br\/index.php\/wp-json\/wp\/v2\/categories?post=47428"},{"taxonomy":"post_tag","embeddable":true,"href":"https:\/\/pinews.com.br\/index.php\/wp-json\/wp\/v2\/tags?post=47428"}],"curies":[{"name":"wp","href":"https:\/\/api.w.org\/{rel}","templated":true}]}}