{"id":47454,"date":"2023-04-08T11:24:36","date_gmt":"2023-04-08T14:24:36","guid":{"rendered":"https:\/\/pinews.com.br\/?p=45608"},"modified":"2023-04-08T11:24:36","modified_gmt":"2023-04-08T14:24:36","slug":"apos-perseguicao-pm-prende-homem-com-arma-de-fogo-no-centro-de-cidade-do-piaui","status":"publish","type":"post","link":"https:\/\/pinews.com.br\/index.php\/2023\/04\/08\/apos-perseguicao-pm-prende-homem-com-arma-de-fogo-no-centro-de-cidade-do-piaui\/","title":{"rendered":"Ap\u00f3s persegui\u00e7\u00e3o, PM prende homem com arma de fogo no centro de cidade do Piau\u00ed"},"content":{"rendered":"\n<p>Na madrugada desse s\u00e1bado (08\/04) policiais militares do 15\u00b0 Batalh\u00e3o, em Campo Maior, apreenderam uma arma de fogo, um rev\u00f3lver Taurus, calibre 32, com 4 muni\u00e7\u00f5es intactas, que estava em posse de um homem, identificado com as iniciais J.C.S.S, de 35 anos.<\/p>\n\n\n\n<p>A apreens\u00e3o ocorreu ap\u00f3s uma den\u00fancia para o 190 da Pol\u00edcia Militar de que havia um homem com uma arma de fogo em um bar, pr\u00f3ximo \u00e0 pra\u00e7a Valdir Fortes. Os policiais militares Sargento Batista e Soldado Magalh\u00e3es iniciaram as buscas e localizaram o acusado, que estava fugindo pela BR-343 em uma motocicleta e, no primeiro momento, desobedeceu a ordem de parada, sendo contido pelos PMs.<\/p>\n\n\n\n<p>Foi procedida a abordagem e encontrado o rev\u00f3lver na cintura do acusado. O homem preso informou que residia no bairro Flor do Campo, em Campo Maior. Ele foi conduzido para a delegacia, onde foi autuado em flagrante pelo crime de porte ilegal de arma de fogo.<\/p>\n\n\n\n<p>Essa apreens\u00e3o de arma de fogo \u00e9 fruto da intensifica\u00e7\u00e3o das opera\u00e7\u00f5es nesse feriado de Semana Santa, cumprindo determina\u00e7\u00e3o da Secretaria de Seguran\u00e7a P\u00fablica e do Comando Geral da corpora\u00e7\u00e3o, visando garantir maior seguran\u00e7a \u00e0s pessoas.<\/p>\n\n\n\n<p><strong>Fonte: 180 Graus<\/strong><\/p>\n","protected":false},"excerpt":{"rendered":"<p>Na madrugada desse s\u00e1bado (08\/04) policiais militares do 15\u00b0 Batalh\u00e3o, em Campo Maior, apreenderam uma arma de fogo, um rev\u00f3lver Taurus, calibre 32, com 4 muni\u00e7\u00f5es intactas, que estava em posse de um homem, identificado com as iniciais J.C.S.S, de 35 anos. A apreens\u00e3o ocorreu ap\u00f3s uma den\u00fancia para o 190 da Pol\u00edcia Militar de [&hellip;]<\/p>\n","protected":false},"author":1,"featured_media":45609,"comment_status":"open","ping_status":"open","sticky":false,"template":"","format":"standard","meta":{"beyondwords_generate_audio":"","beyondwords_project_id":"","beyondwords_podcast_id":"","beyondwords_hash":"","beyondwords_error_message":"","beyondwords_disabled":"","publish_post_to_speechkit":"","speechkit_generate_audio":"","speechkit_project_id":"","speechkit_podcast_id":"","speechkit_hash":"","speechkit_error_message":"","speechkit_disabled":"","speechkit_access_key":"","speechkit_error":"","speechkit_info":"","speechkit_response":"","speechkit_retries":"","_speechkit_link":"","_speechkit_text":""},"categories":[51,78],"tags":[70,326,871,44,11311,1675,84,1333,52,313,112],"jetpack_featured_media_url":"https:\/\/pinews.com.br\/wp-content\/uploads\/2023\/04\/IMG_20230408_112334.jpg","_links":{"self":[{"href":"https:\/\/pinews.com.br\/index.php\/wp-json\/wp\/v2\/posts\/47454"}],"collection":[{"href":"https:\/\/pinews.com.br\/index.php\/wp-json\/wp\/v2\/posts"}],"about":[{"href":"https:\/\/pinews.com.br\/index.php\/wp-json\/wp\/v2\/types\/post"}],"author":[{"embeddable":true,"href":"https:\/\/pinews.com.br\/index.php\/wp-json\/wp\/v2\/users\/1"}],"replies":[{"embeddable":true,"href":"https:\/\/pinews.com.br\/index.php\/wp-json\/wp\/v2\/comments?post=47454"}],"version-history":[{"count":0,"href":"https:\/\/pinews.com.br\/index.php\/wp-json\/wp\/v2\/posts\/47454\/revisions"}],"wp:featuredmedia":[{"embeddable":true,"href":"https:\/\/pinews.com.br\/index.php\/wp-json\/wp\/v2\/media\/45609"}],"wp:attachment":[{"href":"https:\/\/pinews.com.br\/index.php\/wp-json\/wp\/v2\/media?parent=47454"}],"wp:term":[{"taxonomy":"category","embeddable":true,"href":"https:\/\/pinews.com.br\/index.php\/wp-json\/wp\/v2\/categories?post=47454"},{"taxonomy":"post_tag","embeddable":true,"href":"https:\/\/pinews.com.br\/index.php\/wp-json\/wp\/v2\/tags?post=47454"}],"curies":[{"name":"wp","href":"https:\/\/api.w.org\/{rel}","templated":true}]}}