{"id":47462,"date":"2023-04-10T11:13:32","date_gmt":"2023-04-10T14:13:32","guid":{"rendered":"https:\/\/pinews.com.br\/?p=45667"},"modified":"2023-04-10T11:13:32","modified_gmt":"2023-04-10T14:13:32","slug":"homem-e-preso-por-trafico-de-drogas-em-valenca-do-piaui","status":"publish","type":"post","link":"https:\/\/pinews.com.br\/index.php\/2023\/04\/10\/homem-e-preso-por-trafico-de-drogas-em-valenca-do-piaui\/","title":{"rendered":"Homem \u00e9 preso por tr\u00e1fico de drogas em Valen\u00e7a do Piau\u00ed"},"content":{"rendered":"\n<p>Na manh\u00e3 deste domingo (09) policiais militares prenderam um homem suspeito de tr\u00e1fico de drogas em Valen\u00e7a do Piau\u00ed, distante 98 km de Picos. O ind\u00edviduo que j\u00e1 era monitorado foi flagrado com um inv\u00f3lucro de subst\u00e2ncia an\u00e1loga a coca\u00edna.<\/p>\n\n\n\n<p>Segundo a PM, o suspeito de iniciais F.P.S.C. foi abordado durante patrulhamento na Avenida Joaquim Manoel, pr\u00f3ximo \u00e0 BR-316. O homem que \u00e9 egresso do sistema penitenci\u00e1rio j\u00e1 cumpria passagem por tr\u00e1fico de drogas.&nbsp;<\/p>\n\n\n\n<p>Durante a averigua\u00e7\u00e3o da documenta\u00e7\u00e3o pessoal de F.P.S.C, descobriu-se que em desfavor do mesmo, havia um mandado de pris\u00e3o Civil (alimentos) expedido pelo Tribunal de Justi\u00e7a do Estado de S\u00e3o Paulo.<\/p>\n\n\n\n<p>Diante disso, F.P.S.C foi preso e juntamente com o material apreendido, apresentado na Delegacia de Pol\u00edcia Civil em Valen\u00e7a do Piau\u00ed.<\/p>\n\n\n\n<p><strong>Fonte: Paula Monize\/ Cidade Verde\/ Com informa\u00e7\u00f5es da PM<\/strong><\/p>\n","protected":false},"excerpt":{"rendered":"<p>Na manh\u00e3 deste domingo (09) policiais militares prenderam um homem suspeito de tr\u00e1fico de drogas em Valen\u00e7a do Piau\u00ed, distante 98 km de Picos. O ind\u00edviduo que j\u00e1 era monitorado foi flagrado com um inv\u00f3lucro de subst\u00e2ncia an\u00e1loga a coca\u00edna. Segundo a PM, o suspeito de iniciais F.P.S.C. foi abordado durante patrulhamento na Avenida Joaquim [&hellip;]<\/p>\n","protected":false},"author":1,"featured_media":45668,"comment_status":"open","ping_status":"open","sticky":false,"template":"","format":"standard","meta":{"beyondwords_generate_audio":"","beyondwords_project_id":"","beyondwords_podcast_id":"","beyondwords_hash":"","beyondwords_error_message":"","beyondwords_disabled":"","publish_post_to_speechkit":"","speechkit_generate_audio":"","speechkit_project_id":"","speechkit_podcast_id":"","speechkit_hash":"","speechkit_error_message":"","speechkit_disabled":"","speechkit_access_key":"","speechkit_error":"","speechkit_info":"","speechkit_response":"","speechkit_retries":"","_speechkit_link":"","_speechkit_text":""},"categories":[51,78],"tags":[44,193,72,46,84,52,59,79,195,2080],"jetpack_featured_media_url":"https:\/\/pinews.com.br\/wp-content\/uploads\/2023\/04\/6b114b96668ed70bf4bf1ae473cee645.jpeg","_links":{"self":[{"href":"https:\/\/pinews.com.br\/index.php\/wp-json\/wp\/v2\/posts\/47462"}],"collection":[{"href":"https:\/\/pinews.com.br\/index.php\/wp-json\/wp\/v2\/posts"}],"about":[{"href":"https:\/\/pinews.com.br\/index.php\/wp-json\/wp\/v2\/types\/post"}],"author":[{"embeddable":true,"href":"https:\/\/pinews.com.br\/index.php\/wp-json\/wp\/v2\/users\/1"}],"replies":[{"embeddable":true,"href":"https:\/\/pinews.com.br\/index.php\/wp-json\/wp\/v2\/comments?post=47462"}],"version-history":[{"count":0,"href":"https:\/\/pinews.com.br\/index.php\/wp-json\/wp\/v2\/posts\/47462\/revisions"}],"wp:featuredmedia":[{"embeddable":true,"href":"https:\/\/pinews.com.br\/index.php\/wp-json\/wp\/v2\/media\/45668"}],"wp:attachment":[{"href":"https:\/\/pinews.com.br\/index.php\/wp-json\/wp\/v2\/media?parent=47462"}],"wp:term":[{"taxonomy":"category","embeddable":true,"href":"https:\/\/pinews.com.br\/index.php\/wp-json\/wp\/v2\/categories?post=47462"},{"taxonomy":"post_tag","embeddable":true,"href":"https:\/\/pinews.com.br\/index.php\/wp-json\/wp\/v2\/tags?post=47462"}],"curies":[{"name":"wp","href":"https:\/\/api.w.org\/{rel}","templated":true}]}}