{"id":47474,"date":"2023-04-12T18:22:27","date_gmt":"2023-04-12T21:22:27","guid":{"rendered":"https:\/\/pinews.com.br\/?p=45734"},"modified":"2023-04-12T18:22:27","modified_gmt":"2023-04-12T21:22:27","slug":"pacientes-sao-assaltados-na-entrada-de-ubs-no-piaui-unidade-ja-registrou-6-furtos-este-ano","status":"publish","type":"post","link":"https:\/\/pinews.com.br\/index.php\/2023\/04\/12\/pacientes-sao-assaltados-na-entrada-de-ubs-no-piaui-unidade-ja-registrou-6-furtos-este-ano\/","title":{"rendered":"Pacientes s\u00e3o assaltados na entrada de UBS no Piau\u00ed; unidade j\u00e1 registrou 6 furtos este ano"},"content":{"rendered":"\n<p>Pacientes aguardando atendimento na Unidade B\u00e1sica de Sa\u00fade (UBS) do Monte Castelo, na Zona Sul de Teresina, foram assaltados por volta das 6h desta quarta-feira (12). Alguns funcion\u00e1rios tamb\u00e9m foram v\u00edtimas dos assaltantes.<\/p>\n\n\n\n<blockquote class=\"wp-block-quote\">\n<p>&#8220;A gente estava aqui esperando o posto de sa\u00fade abrir e de repente os assaltantes vieram. Eram dois em uma moto, armados, eles estavam vestidos com uma farda com o nome Eletron. Um desceu da moto e o outro ficou e falou &#8216;ningu\u00e9m corre&#8217;, a\u00ed ele encostou perto de um rapaz pegou o celular dele, algumas pessoas correram, mas n\u00f3s ficamos. Eu fiquei com muito medo, est\u00e1 complicado vir para o atendimento aqui cedinho&#8221;, explicou a t\u00e9cnica de enfermagem Daniela Ribeiro.<\/p>\n<\/blockquote>\n\n\n\n<p>Em nota, a Funda\u00e7\u00e3o Municipal de Sa\u00fade (FMS) informou que a partir da cal\u00e7ada da UBS do Monte Castelo a responsabilidade \u00e9 da seguran\u00e7a p\u00fablica do estado. Sobre os furtos dentro da unidade, a FMS n\u00e3o deu maiores esclarecimentos.<\/p>\n\n\n\n<p>Conforme a dire\u00e7\u00e3o da UBS, esse \u00e9 o primeiro assalto registrado no ano em frente a unidade, mas j\u00e1 aconteceram seis furtos onde v\u00e1rios objetos foram levados de dentro do local.<\/p>\n\n\n\n<p>O diretor administrativo da UBS, Carlos Alberto Filho, contou que deveria haver mais policiamento na \u00e1rea, porque \u00e9 um complexo de sa\u00fade formado pela unidade b\u00e1sica e o Hospital do Monte Castelo. Al\u00e9m disso, a Pra\u00e7a Engenheiro C\u00edcero Ferraz, entre os dois estabelecimentos, tamb\u00e9m \u00e9 alvo de criminosos.<\/p>\n\n\n\n<blockquote class=\"wp-block-quote\">\n<p>&#8220;Eu n\u00e3o tenho computador, levaram um frigobar de dentro da minha sala, que \u00e9 um eletrodom\u00e9stico grande. N\u00f3s temos a\u00ed um refor\u00e7o policial que ronda, mas assaltante s\u00f3 vem na hora que n\u00e3o tem ningu\u00e9m. A academia da pra\u00e7a n\u00e3o funciona mais porque levaram tudo o que tinha l\u00e1, at\u00e9 o bebedouro , foi levado \u00e0 luz do dia&#8221;, afirmou o diretor.<\/p>\n<\/blockquote>\n\n\n\n<p><strong>Fonte: G1 PI <\/strong><\/p>\n","protected":false},"excerpt":{"rendered":"<p>Pacientes aguardando atendimento na Unidade B\u00e1sica de Sa\u00fade (UBS) do Monte Castelo, na Zona Sul de Teresina, foram assaltados por volta das 6h desta quarta-feira (12). Alguns funcion\u00e1rios tamb\u00e9m foram v\u00edtimas dos assaltantes. &#8220;A gente estava aqui esperando o posto de sa\u00fade abrir e de repente os assaltantes vieram. Eram dois em uma moto, armados, [&hellip;]<\/p>\n","protected":false},"author":1,"featured_media":45735,"comment_status":"open","ping_status":"open","sticky":false,"template":"","format":"standard","meta":{"beyondwords_generate_audio":"","beyondwords_project_id":"","beyondwords_podcast_id":"","beyondwords_hash":"","beyondwords_error_message":"","beyondwords_disabled":"","publish_post_to_speechkit":"","speechkit_generate_audio":"","speechkit_project_id":"","speechkit_podcast_id":"","speechkit_hash":"","speechkit_error_message":"","speechkit_disabled":"","speechkit_access_key":"","speechkit_error":"","speechkit_info":"","speechkit_response":"","speechkit_retries":"","_speechkit_link":"","_speechkit_text":""},"categories":[51,78,81],"tags":[602,10532,44,5719,2855,8007,396,91,1964,52,2838,362,1633,791],"jetpack_featured_media_url":"","_links":{"self":[{"href":"https:\/\/pinews.com.br\/index.php\/wp-json\/wp\/v2\/posts\/47474"}],"collection":[{"href":"https:\/\/pinews.com.br\/index.php\/wp-json\/wp\/v2\/posts"}],"about":[{"href":"https:\/\/pinews.com.br\/index.php\/wp-json\/wp\/v2\/types\/post"}],"author":[{"embeddable":true,"href":"https:\/\/pinews.com.br\/index.php\/wp-json\/wp\/v2\/users\/1"}],"replies":[{"embeddable":true,"href":"https:\/\/pinews.com.br\/index.php\/wp-json\/wp\/v2\/comments?post=47474"}],"version-history":[{"count":0,"href":"https:\/\/pinews.com.br\/index.php\/wp-json\/wp\/v2\/posts\/47474\/revisions"}],"wp:featuredmedia":[{"embeddable":true,"href":"https:\/\/pinews.com.br\/index.php\/wp-json\/"}],"wp:attachment":[{"href":"https:\/\/pinews.com.br\/index.php\/wp-json\/wp\/v2\/media?parent=47474"}],"wp:term":[{"taxonomy":"category","embeddable":true,"href":"https:\/\/pinews.com.br\/index.php\/wp-json\/wp\/v2\/categories?post=47474"},{"taxonomy":"post_tag","embeddable":true,"href":"https:\/\/pinews.com.br\/index.php\/wp-json\/wp\/v2\/tags?post=47474"}],"curies":[{"name":"wp","href":"https:\/\/api.w.org\/{rel}","templated":true}]}}