{"id":47490,"date":"2023-04-14T20:37:41","date_gmt":"2023-04-14T23:37:41","guid":{"rendered":"https:\/\/pinews.com.br\/?p=45799"},"modified":"2023-04-14T20:37:41","modified_gmt":"2023-04-14T23:37:41","slug":"crianca-de-11-anos-e-apreendida-com-revolver-em-escola-no-piaui","status":"publish","type":"post","link":"https:\/\/pinews.com.br\/index.php\/2023\/04\/14\/crianca-de-11-anos-e-apreendida-com-revolver-em-escola-no-piaui\/","title":{"rendered":"Crian\u00e7a de 11 anos \u00e9 apreendida com rev\u00f3lver em escola no Piau\u00ed"},"content":{"rendered":"\n<p>Uma crian\u00e7a de 11 anos foi apreendida e encaminhada para a Central de Flagrantes da Pol\u00edcia Civil, na manh\u00e3 desta sexta-feira (14\/04), pelos agentes da Pol\u00edcia Civil do 8\u00b0 Distrito Policial com uma arma de fogo, um rev\u00f3lver 38, em escola de ensino fundamental do conjunto Dirceu I, na zona Sudeste de Teresina.<\/p>\n\n\n\n<p>Segundo um agente da Pol\u00edcia Civil, a crian\u00e7a estava na Unidade Escolar Santa In\u00eas, que fica localizada perto do 8\u00b0 DP, com rev\u00f3lver na mochila. O rev\u00f3lver estava municiado com balas.<\/p>\n\n\n\n<figure class=\"wp-block-embed is-type-video is-provider-youtube wp-block-embed-youtube wp-embed-aspect-16-9 wp-has-aspect-ratio\"><div class=\"wp-block-embed__wrapper\">\n<iframe loading=\"lazy\" title=\"Crian\u00e7a de 11 anos \u00e9 apreendida com arma em escola de Teresina\" width=\"1170\" height=\"658\" src=\"https:\/\/www.youtube.com\/embed\/8mA-iYA3aKQ?feature=oembed\" frameborder=\"0\" allow=\"accelerometer; autoplay; clipboard-write; encrypted-media; gyroscope; picture-in-picture; web-share\" allowfullscreen><\/iframe>\n<\/div><\/figure>\n\n\n\n<p>Em nota, a Secretaria de Estado da Educa\u00e7\u00e3o (Seduc) informou que, juntamente com a Secretaria de Seguran\u00e7a P\u00fablica (SSP-PI), est\u00e3o acompanhando os casos e se mantendo vigilante sobre a situa\u00e7\u00e3o.&nbsp;<strong>Confira a nota na \u00edntegra.<\/strong><\/p>\n\n\n\n<p><em>\u201cA Secretaria de Estado da Educa\u00e7\u00e3o (Seduc) informa que est\u00e1 acompanhando juntamente com a Secretaria de Seguran\u00e7a P\u00fablica (SSP) os casos de amea\u00e7as em escolas, inclusive o de hoje em Teresina.<\/em><\/p>\n\n\n\n<p><em>Por parte da Seduc, uma equipe multidisciplinar, formada por psic\u00f3logos e assistentes sociais, foi deslocada \u00e0 escola para oferecer suporte aos alunos, professores e toda a comunidade escolar. A Seduc informa, ainda, que o Grupo de Trabalho para Promo\u00e7\u00e3o da Seguran\u00e7a e Cultura de Paz nas Escolas, coordenado por ambas as Secretarias, desenvolveu um Plano de A\u00e7\u00e3o, j\u00e1 em execu\u00e7\u00e3o, envolvendo diversas medidas emergenciais de cunho repressivo e protetivo, e tamb\u00e9m a\u00e7\u00f5es educativas, pedag\u00f3gicas e estruturantes, dentre elas a convoca\u00e7\u00e3o de novos psic\u00f3logos e assistentes sociais; nova capacita\u00e7\u00e3o dos agentes de portaria e contrata\u00e7\u00e3o de novos profissionais; aquisi\u00e7\u00e3o de sistema de vigil\u00e2ncia eletr\u00f4nica para escolas; intensifica\u00e7\u00e3o da atua\u00e7\u00e3o das equipes multiprofissionais e fortalecimento das a\u00e7\u00f5es educativas nas escolas.<\/em><\/p>\n\n\n\n<p><em>A Seduc reitera que est\u00e1 vigilante e empenhada para promover a seguran\u00e7a e a cultura da paz nas escolas, agindo sempre de forma prudente e respons\u00e1vel.\u201d<\/em><\/p>\n\n\n\n<p><strong>Fonte: Oito Meia<\/strong><\/p>\n","protected":false},"excerpt":{"rendered":"<p>Uma crian\u00e7a de 11 anos foi apreendida e encaminhada para a Central de Flagrantes da Pol\u00edcia Civil, na manh\u00e3 desta sexta-feira (14\/04), pelos agentes da Pol\u00edcia Civil do 8\u00b0 Distrito Policial com uma arma de fogo, um rev\u00f3lver 38, em escola de ensino fundamental do conjunto Dirceu I, na zona Sudeste de Teresina. Segundo um [&hellip;]<\/p>\n","protected":false},"author":1,"featured_media":45804,"comment_status":"open","ping_status":"open","sticky":false,"template":"","format":"standard","meta":{"beyondwords_generate_audio":"","beyondwords_project_id":"","beyondwords_podcast_id":"","beyondwords_hash":"","beyondwords_error_message":"","beyondwords_disabled":"","publish_post_to_speechkit":"","speechkit_generate_audio":"","speechkit_project_id":"","speechkit_podcast_id":"","speechkit_hash":"","speechkit_error_message":"","speechkit_disabled":"","speechkit_access_key":"","speechkit_error":"","speechkit_info":"","speechkit_response":"","speechkit_retries":"","_speechkit_link":"","_speechkit_text":""},"categories":[51],"tags":[3631,82,99,221,44,72,46,1425,52,990],"jetpack_featured_media_url":"","_links":{"self":[{"href":"https:\/\/pinews.com.br\/index.php\/wp-json\/wp\/v2\/posts\/47490"}],"collection":[{"href":"https:\/\/pinews.com.br\/index.php\/wp-json\/wp\/v2\/posts"}],"about":[{"href":"https:\/\/pinews.com.br\/index.php\/wp-json\/wp\/v2\/types\/post"}],"author":[{"embeddable":true,"href":"https:\/\/pinews.com.br\/index.php\/wp-json\/wp\/v2\/users\/1"}],"replies":[{"embeddable":true,"href":"https:\/\/pinews.com.br\/index.php\/wp-json\/wp\/v2\/comments?post=47490"}],"version-history":[{"count":0,"href":"https:\/\/pinews.com.br\/index.php\/wp-json\/wp\/v2\/posts\/47490\/revisions"}],"wp:featuredmedia":[{"embeddable":true,"href":"https:\/\/pinews.com.br\/index.php\/wp-json\/"}],"wp:attachment":[{"href":"https:\/\/pinews.com.br\/index.php\/wp-json\/wp\/v2\/media?parent=47490"}],"wp:term":[{"taxonomy":"category","embeddable":true,"href":"https:\/\/pinews.com.br\/index.php\/wp-json\/wp\/v2\/categories?post=47490"},{"taxonomy":"post_tag","embeddable":true,"href":"https:\/\/pinews.com.br\/index.php\/wp-json\/wp\/v2\/tags?post=47490"}],"curies":[{"name":"wp","href":"https:\/\/api.w.org\/{rel}","templated":true}]}}