{"id":47537,"date":"2023-04-21T18:20:36","date_gmt":"2023-04-21T21:20:36","guid":{"rendered":"https:\/\/pinews.com.br\/?p=45970"},"modified":"2023-04-21T18:20:36","modified_gmt":"2023-04-21T21:20:36","slug":"duas-jovens-ficam-gravemente-feridas-apos-moto-ser-atingida-por-van-em-picos","status":"publish","type":"post","link":"https:\/\/pinews.com.br\/index.php\/2023\/04\/21\/duas-jovens-ficam-gravemente-feridas-apos-moto-ser-atingida-por-van-em-picos\/","title":{"rendered":"Duas jovens ficam gravemente feridas ap\u00f3s moto ser atingida por van em Picos"},"content":{"rendered":"\n<p>Duas jovens, de 20 e 22 anos, ficaram gravemente feridas ap\u00f3s um acidente de tr\u00e2nsito no final da tarde dessa quinta-feira (20), em Picos, cidade 267 km ao Sul de Teresina. Segundo a Pol\u00edcia Rodovi\u00e1ria Federal (PRF), a motocicleta em que elas estavam foi atingida por uma van na BR-316.<\/p>\n\n\n\n<p>Em relat\u00f3rio, a PRF informou que foi acionada ao local do acidente, km 304 da rodovia, por volta das 17h50.&nbsp;Investiga\u00e7\u00f5es preliminares indicam que os ve\u00edculos seguiam no mesmo sentido quando a van realizou uma convers\u00e3o \u00e0 esquerda e atingiu a motocicleta.<\/p>\n\n\n\n<blockquote class=\"wp-block-quote\">\n<p>\u201cA van estava no acostamento no sentido Dom Expedito Lopes\/Picos, e a motocicleta trafegava na faixa de rolamento no mesmo sentido. Quando a van realizou a manobra de mudan\u00e7a de faixa, iniciou-se a colis\u00e3o transversal. Por fim, houve a queda das ocupantes\u201d, apontou relat\u00f3rio.<\/p>\n<\/blockquote>\n\n\n\n<figure class=\"wp-block-image\"><img decoding=\"async\" src=\"https:\/\/s2.glbimg.com\/_n1BQmcKd59sigE05GH5ll4cczo=\/0x0:1024x770\/984x0\/smart\/filters:strip_icc()\/i.s3.glbimg.com\/v1\/AUTH_59edd422c0c84a879bd37670ae4f538a\/internal_photos\/bs\/2023\/J\/i\/OLhxZiSGGrWXJE6RARLg\/whatsapp-image-2023-04-21-at-11.19.55.jpeg\" alt=\"Duas jovens ficam gravemente feridas ap\u00f3s moto ser atingida por van em Picos, no Piau\u00ed \u2014 Foto: Divulga\u00e7\u00e3o\/PRF\"\/><figcaption class=\"wp-element-caption\">Duas jovens ficam gravemente feridas ap\u00f3s moto ser atingida por van em Picos, no Piau\u00ed \u2014 Foto: Divulga\u00e7\u00e3o\/PRF<\/figcaption><\/figure>\n\n\n\n<p>O Servi\u00e7o de Atendimento M\u00f3vel de Urg\u00eancia (Samu) foi acionado e conduziu as v\u00edtimas at\u00e9 o Hospital Regional Justino Luz. N\u00e3o h\u00e1 informa\u00e7\u00f5es sobre o estado de sa\u00fade atualizado das jovens.<\/p>\n\n\n\n<p>O condutor da van, um homem de 49 anos, n\u00e3o sofreu ferimentos. Ele realizou teste de alcoolemia, que resultou negativo.<\/p>\n\n\n\n<p><strong>Fonte: G1 Pl <\/strong><\/p>\n","protected":false},"excerpt":{"rendered":"<p>Duas jovens, de 20 e 22 anos, ficaram gravemente feridas ap\u00f3s um acidente de tr\u00e2nsito no final da tarde dessa quinta-feira (20), em Picos, cidade 267 km ao Sul de Teresina. Segundo a Pol\u00edcia Rodovi\u00e1ria Federal (PRF), a motocicleta em que elas estavam foi atingida por uma van na BR-316. Em relat\u00f3rio, a PRF informou [&hellip;]<\/p>\n","protected":false},"author":1,"featured_media":45971,"comment_status":"open","ping_status":"open","sticky":false,"template":"","format":"standard","meta":{"beyondwords_generate_audio":"","beyondwords_project_id":"","beyondwords_podcast_id":"","beyondwords_hash":"","beyondwords_error_message":"","beyondwords_disabled":"","publish_post_to_speechkit":"","speechkit_generate_audio":"","speechkit_project_id":"","speechkit_podcast_id":"","speechkit_hash":"","speechkit_error_message":"","speechkit_disabled":"","speechkit_access_key":"","speechkit_error":"","speechkit_info":"","speechkit_response":"","speechkit_retries":"","_speechkit_link":"","_speechkit_text":""},"categories":[51,126],"tags":[70,860,260,46,257,416,812,542,304,125,59,139,1617],"jetpack_featured_media_url":"","_links":{"self":[{"href":"https:\/\/pinews.com.br\/index.php\/wp-json\/wp\/v2\/posts\/47537"}],"collection":[{"href":"https:\/\/pinews.com.br\/index.php\/wp-json\/wp\/v2\/posts"}],"about":[{"href":"https:\/\/pinews.com.br\/index.php\/wp-json\/wp\/v2\/types\/post"}],"author":[{"embeddable":true,"href":"https:\/\/pinews.com.br\/index.php\/wp-json\/wp\/v2\/users\/1"}],"replies":[{"embeddable":true,"href":"https:\/\/pinews.com.br\/index.php\/wp-json\/wp\/v2\/comments?post=47537"}],"version-history":[{"count":0,"href":"https:\/\/pinews.com.br\/index.php\/wp-json\/wp\/v2\/posts\/47537\/revisions"}],"wp:featuredmedia":[{"embeddable":true,"href":"https:\/\/pinews.com.br\/index.php\/wp-json\/"}],"wp:attachment":[{"href":"https:\/\/pinews.com.br\/index.php\/wp-json\/wp\/v2\/media?parent=47537"}],"wp:term":[{"taxonomy":"category","embeddable":true,"href":"https:\/\/pinews.com.br\/index.php\/wp-json\/wp\/v2\/categories?post=47537"},{"taxonomy":"post_tag","embeddable":true,"href":"https:\/\/pinews.com.br\/index.php\/wp-json\/wp\/v2\/tags?post=47537"}],"curies":[{"name":"wp","href":"https:\/\/api.w.org\/{rel}","templated":true}]}}