{"id":47552,"date":"2023-04-23T11:50:52","date_gmt":"2023-04-23T14:50:52","guid":{"rendered":"https:\/\/pinews.com.br\/?p=46024"},"modified":"2023-04-23T11:50:52","modified_gmt":"2023-04-23T14:50:52","slug":"moto-furtada-ha-quase-20-anos-e-recuperada-no-interior-do-piaui","status":"publish","type":"post","link":"https:\/\/pinews.com.br\/index.php\/2023\/04\/23\/moto-furtada-ha-quase-20-anos-e-recuperada-no-interior-do-piaui\/","title":{"rendered":"Moto furtada h\u00e1 quase 20 anos \u00e9 recuperada no interior do Piau\u00ed"},"content":{"rendered":"\n<p>Uma motocicleta furtada h\u00e1 quase 20 anos foi recuperada durante fiscaliza\u00e7\u00e3o da Pol\u00edcia Rodovi\u00e1ria Federal (PRF-PI) na cidade de Barro Duro, no interior do Piau\u00ed, na BR-316.&nbsp;<\/p>\n\n\n\n<p>&#8220;Um homem de 36 anos conduzia uma motocicleta Honda\/Xr 200R. Durante a abordagem, os policiais verificaram que o ve\u00edculo possu\u00eda registro de furto na data de 10\/09\/2003, em Teresina&#8221;, informou a PRF-PI.&nbsp;<\/p>\n\n\n\n<p>A situa\u00e7\u00e3o configura, em princ\u00edpio, o crime de recepta\u00e7\u00e3o culposa. O condutor foi encaminhado \u00e0 delegacia de Pol\u00edcia Civil para prestar esclarecimentos e responder pelas acusa\u00e7\u00f5es.<\/p>\n\n\n\n<p>A Pol\u00edcia Rodovi\u00e1ria Federal refor\u00e7a a import\u00e2ncia da popula\u00e7\u00e3o estar atenta durante a compra de um ve\u00edculo usado.&nbsp;<\/p>\n\n\n\n<p>&#8220;Sempre verificando a proced\u00eancia e documenta\u00e7\u00e3o antes de realizar a compra. A colabora\u00e7\u00e3o da sociedade \u00e9 fundamental para prevenir crimes de furto e roubo de ve\u00edculos, al\u00e9m de coibir a pr\u00e1tica de recepta\u00e7\u00e3o&#8221;, alerta a PRF-PI.&nbsp;<\/p>\n\n\n\n<p><strong>Fonte: Cidade Verde\/ Com informa\u00e7\u00f5es PRF-PI<\/strong><\/p>\n","protected":false},"excerpt":{"rendered":"<p>Uma motocicleta furtada h\u00e1 quase 20 anos foi recuperada durante fiscaliza\u00e7\u00e3o da Pol\u00edcia Rodovi\u00e1ria Federal (PRF-PI) na cidade de Barro Duro, no interior do Piau\u00ed, na BR-316.&nbsp; &#8220;Um homem de 36 anos conduzia uma motocicleta Honda\/Xr 200R. Durante a abordagem, os policiais verificaram que o ve\u00edculo possu\u00eda registro de furto na data de 10\/09\/2003, em [&hellip;]<\/p>\n","protected":false},"author":1,"featured_media":46026,"comment_status":"open","ping_status":"open","sticky":false,"template":"","format":"standard","meta":{"beyondwords_generate_audio":"","beyondwords_project_id":"","beyondwords_podcast_id":"","beyondwords_hash":"","beyondwords_error_message":"","beyondwords_disabled":"","publish_post_to_speechkit":"","speechkit_generate_audio":"","speechkit_project_id":"","speechkit_podcast_id":"","speechkit_hash":"","speechkit_error_message":"","speechkit_disabled":"","speechkit_access_key":"","speechkit_error":"","speechkit_info":"","speechkit_response":"","speechkit_retries":"","_speechkit_link":"","_speechkit_text":""},"categories":[51,78],"tags":[208,82,72,872,603,716,304,52,323,6955],"jetpack_featured_media_url":"","_links":{"self":[{"href":"https:\/\/pinews.com.br\/index.php\/wp-json\/wp\/v2\/posts\/47552"}],"collection":[{"href":"https:\/\/pinews.com.br\/index.php\/wp-json\/wp\/v2\/posts"}],"about":[{"href":"https:\/\/pinews.com.br\/index.php\/wp-json\/wp\/v2\/types\/post"}],"author":[{"embeddable":true,"href":"https:\/\/pinews.com.br\/index.php\/wp-json\/wp\/v2\/users\/1"}],"replies":[{"embeddable":true,"href":"https:\/\/pinews.com.br\/index.php\/wp-json\/wp\/v2\/comments?post=47552"}],"version-history":[{"count":0,"href":"https:\/\/pinews.com.br\/index.php\/wp-json\/wp\/v2\/posts\/47552\/revisions"}],"wp:featuredmedia":[{"embeddable":true,"href":"https:\/\/pinews.com.br\/index.php\/wp-json\/"}],"wp:attachment":[{"href":"https:\/\/pinews.com.br\/index.php\/wp-json\/wp\/v2\/media?parent=47552"}],"wp:term":[{"taxonomy":"category","embeddable":true,"href":"https:\/\/pinews.com.br\/index.php\/wp-json\/wp\/v2\/categories?post=47552"},{"taxonomy":"post_tag","embeddable":true,"href":"https:\/\/pinews.com.br\/index.php\/wp-json\/wp\/v2\/tags?post=47552"}],"curies":[{"name":"wp","href":"https:\/\/api.w.org\/{rel}","templated":true}]}}