{"id":47554,"date":"2023-04-23T19:11:47","date_gmt":"2023-04-23T22:11:47","guid":{"rendered":"https:\/\/pinews.com.br\/?p=46031"},"modified":"2023-05-14T21:31:02","modified_gmt":"2023-05-15T00:31:02","slug":"grave-acidente-na-pi-243-em-belem-do-piaui-deixa-duas-vitimas-fatais-apos-dois-veiculos-colidirem-frontalmente","status":"publish","type":"post","link":"https:\/\/pinews.com.br\/index.php\/2023\/04\/23\/grave-acidente-na-pi-243-em-belem-do-piaui-deixa-duas-vitimas-fatais-apos-dois-veiculos-colidirem-frontalmente\/","title":{"rendered":"Grave acidente na PI-243 em Bel\u00e9m do Piau\u00ed deixa duas v\u00edtimas fatais ap\u00f3s dois ve\u00edculos colidirem frontalmente"},"content":{"rendered":"\n<p>Um grave acidente foi registrado no final da tarde deste Domingo (23) de Abril, na PI-243 em Bel\u00e9m do Piau\u00ed, ap\u00f3s dois ve\u00edculos colidirem frontalmente.<\/p>\n\n\n\n<p>O acidente aconteceu em frente ao posto de combust\u00edvel no per\u00edmetro urbano da cidade de Bel\u00e9m do Piau\u00ed, e envolveu dois ve\u00edculos, um Voyage de cor branca, e um Monza de cor verde.<\/p>\n\n\n\n<figure class=\"wp-block-image size-full\"><img decoding=\"async\" loading=\"lazy\" width=\"900\" height=\"900\" src=\"https:\/\/pinews.com.br\/wp-content\/uploads\/2023\/04\/8b716231-6b9a-41cb-9d4a-62e736f66b99.jpg\" alt=\"\" class=\"wp-image-46032\" srcset=\"https:\/\/pinews.com.br\/wp-content\/uploads\/2023\/04\/8b716231-6b9a-41cb-9d4a-62e736f66b99.jpg 900w, https:\/\/pinews.com.br\/wp-content\/uploads\/2023\/04\/8b716231-6b9a-41cb-9d4a-62e736f66b99-300x300.jpg 300w, https:\/\/pinews.com.br\/wp-content\/uploads\/2023\/04\/8b716231-6b9a-41cb-9d4a-62e736f66b99-150x150.jpg 150w, https:\/\/pinews.com.br\/wp-content\/uploads\/2023\/04\/8b716231-6b9a-41cb-9d4a-62e736f66b99-768x768.jpg 768w, https:\/\/pinews.com.br\/wp-content\/uploads\/2023\/04\/8b716231-6b9a-41cb-9d4a-62e736f66b99-860x860.jpg 860w\" sizes=\"(max-width: 900px) 100vw, 900px\" \/><\/figure>\n\n\n\n<figure class=\"wp-block-image size-large\"><img decoding=\"async\" src=\"https:\/\/pinews.com.br\/wp-content\/uploads\/2023\/04\/824d9516-5d12-402d-b4a7-23ade1865eb1-1140x641-1-1024x576.jpg\" alt=\"\" class=\"wp-image-46033\"\/><\/figure>\n\n\n\n<p>Segundo informa\u00e7\u00f5es o Voyage seguia no sentido a cidade de Padre Marcos, o ve\u00edculo era conduzido por Darlan Alencar, que morreu no local do acidente, ele retornava da cidade de Jaic\u00f3s, onde participou de uma partida de futebol na AABB. O acidente tamb\u00e9m vitimou o motorista do Monza, que at\u00e9 o momento, n\u00e3o foi identificado. Passageiros que estavam nos dois ve\u00edculos foram socorridos, e tamb\u00e9m n\u00e3o foram identificados.<\/p>\n\n\n\n<figure class=\"wp-block-image size-full\"><img decoding=\"async\" src=\"https:\/\/pinews.com.br\/wp-content\/uploads\/2023\/04\/capture-20230423-183229.png\" alt=\"\" class=\"wp-image-46034\"\/><\/figure>\n\n\n\n<p>Ainda segundo informa\u00e7\u00f5es repassadas a equipe do Portal Not\u00edcias do 75, ambas as v\u00edtimas do acidente s\u00e3o da cidade de Padre Marcos.<\/p>\n\n\n\n<figure class=\"wp-block-image size-full\"><img decoding=\"async\" src=\"https:\/\/pinews.com.br\/wp-content\/uploads\/2023\/04\/0f874fb0-4666-4bc1-ad0d-9dbf948c70f6.jpg\" alt=\"\" class=\"wp-image-46035\"\/><\/figure>\n\n\n\n<figure class=\"wp-block-image size-full\"><img decoding=\"async\" src=\"https:\/\/pinews.com.br\/wp-content\/uploads\/2023\/04\/004892ba-55ea-4ac7-bc62-4dae2f4c05e7.jpg\" alt=\"\" class=\"wp-image-46036\"\/><\/figure>\n\n\n\n<p><strong>Fotos: Portal Not\u00edcias do 75<\/strong><\/p>\n\n\n\n<p><strong>Fonte: Portal Not\u00edcias do 75 <\/strong><\/p>\n","protected":false},"excerpt":{"rendered":"<p>Um grave acidente foi registrado no final da tarde deste Domingo (23) de Abril, na PI-243 em Bel\u00e9m do Piau\u00ed, ap\u00f3s dois ve\u00edculos colidirem frontalmente. O acidente aconteceu em frente ao posto de combust\u00edvel no per\u00edmetro urbano da cidade de Bel\u00e9m do Piau\u00ed, e envolveu dois ve\u00edculos, um Voyage de cor branca, e um Monza [&hellip;]<\/p>\n","protected":false},"author":1,"featured_media":48100,"comment_status":"open","ping_status":"open","sticky":false,"template":"","format":"standard","meta":{"beyondwords_generate_audio":"","beyondwords_project_id":"","beyondwords_podcast_id":"","beyondwords_hash":"","beyondwords_error_message":"","beyondwords_disabled":"","publish_post_to_speechkit":"","speechkit_generate_audio":"","speechkit_project_id":"","speechkit_podcast_id":"","speechkit_hash":"","speechkit_error_message":"","speechkit_disabled":"","speechkit_access_key":"","speechkit_error":"","speechkit_info":"","speechkit_response":"","speechkit_retries":"","_speechkit_link":"","_speechkit_text":""},"categories":[887,1184,124,1479,51],"tags":[176,70,886,7925,252,106,260,46,11367,9143,404,91,11368,52,550,240],"jetpack_featured_media_url":"https:\/\/pinews.com.br\/wp-content\/uploads\/2023\/04\/page-696x348-1.jpg","_links":{"self":[{"href":"https:\/\/pinews.com.br\/index.php\/wp-json\/wp\/v2\/posts\/47554"}],"collection":[{"href":"https:\/\/pinews.com.br\/index.php\/wp-json\/wp\/v2\/posts"}],"about":[{"href":"https:\/\/pinews.com.br\/index.php\/wp-json\/wp\/v2\/types\/post"}],"author":[{"embeddable":true,"href":"https:\/\/pinews.com.br\/index.php\/wp-json\/wp\/v2\/users\/1"}],"replies":[{"embeddable":true,"href":"https:\/\/pinews.com.br\/index.php\/wp-json\/wp\/v2\/comments?post=47554"}],"version-history":[{"count":1,"href":"https:\/\/pinews.com.br\/index.php\/wp-json\/wp\/v2\/posts\/47554\/revisions"}],"predecessor-version":[{"id":48101,"href":"https:\/\/pinews.com.br\/index.php\/wp-json\/wp\/v2\/posts\/47554\/revisions\/48101"}],"wp:featuredmedia":[{"embeddable":true,"href":"https:\/\/pinews.com.br\/index.php\/wp-json\/wp\/v2\/media\/48100"}],"wp:attachment":[{"href":"https:\/\/pinews.com.br\/index.php\/wp-json\/wp\/v2\/media?parent=47554"}],"wp:term":[{"taxonomy":"category","embeddable":true,"href":"https:\/\/pinews.com.br\/index.php\/wp-json\/wp\/v2\/categories?post=47554"},{"taxonomy":"post_tag","embeddable":true,"href":"https:\/\/pinews.com.br\/index.php\/wp-json\/wp\/v2\/tags?post=47554"}],"curies":[{"name":"wp","href":"https:\/\/api.w.org\/{rel}","templated":true}]}}