{"id":47573,"date":"2023-04-26T11:41:07","date_gmt":"2023-04-26T14:41:07","guid":{"rendered":"https:\/\/pinews.com.br\/?p=46102"},"modified":"2023-04-26T11:41:07","modified_gmt":"2023-04-26T14:41:07","slug":"salario-minimo-vai-subir-para-r-1-320-a-partir-da-segunda-feira-1","status":"publish","type":"post","link":"https:\/\/pinews.com.br\/index.php\/2023\/04\/26\/salario-minimo-vai-subir-para-r-1-320-a-partir-da-segunda-feira-1\/","title":{"rendered":"Sal\u00e1rio m\u00ednimo vai subir para R$ 1.320 a partir da segunda-feira (1)"},"content":{"rendered":"\n<p>Na segunda-feira pr\u00f3xima, dia 1\u00ba de maio, o governo do presidente Luiz In\u00e1cio Lula da Silva ir\u00e1 divulgar uma s\u00e9rie de medidas, incluindo o aumento do sal\u00e1rio m\u00ednimo de R$ 1.302 para R$ 1.320. O objetivo desse reajuste \u00e9 garantir que o sal\u00e1rio m\u00ednimo tenha um aumento real, ou seja, acima da infla\u00e7\u00e3o.<\/p>\n\n\n\n<p>O sal\u00e1rio m\u00ednimo \u00e9 respons\u00e1vel por regular uma s\u00e9rie de benef\u00edcios oferecidos pelo governo federal. Portanto, o aumento do sal\u00e1rio m\u00ednimo n\u00e3o afetar\u00e1 apenas os trabalhadores que recebem essa remunera\u00e7\u00e3o, mas tamb\u00e9m outros grupos da sociedade. \u00c9 importante ressaltar que esse aumento ter\u00e1 um efeito cascata, impactando outras \u00e1reas e benef\u00edcios.<\/p>\n\n\n\n<p>O aumento do sal\u00e1rio m\u00ednimo tamb\u00e9m influencia diretamente as aposentadorias e pens\u00f5es pagas pelo Instituto Nacional do Seguro Social (INSS). Isso significa que o benef\u00edcio ser\u00e1 reajustado proporcionalmente, n\u00e3o s\u00f3 para aqueles que recebem o sal\u00e1rio m\u00ednimo, mas tamb\u00e9m para os demais benefici\u00e1rios. \u00c9 importante lembrar que esse reajuste segue uma propor\u00e7\u00e3o definida pelo governo federal.<\/p>\n\n\n\n<p>Segurados que recebem outros benef\u00edcios do INSS tamb\u00e9m ter\u00e3o acr\u00e9scimo no valor com a alta do sal\u00e1rio m\u00ednimo. O abono salarial do PIS\/Pasep tamb\u00e9m segue o valor do sal\u00e1rio m\u00ednimo, portanto pagamentos dos pr\u00f3ximos anos-base tamb\u00e9m ser\u00e3o reajustados.<\/p>\n\n\n\n<p>No dia 1\u00ba de maio, o presidente dever\u00e1 revelar a metodologia que ser\u00e1 utilizada para garantir o aumento real do sal\u00e1rio m\u00ednimo nos pr\u00f3ximos anos, acima da infla\u00e7\u00e3o. No entanto, ainda n\u00e3o foi definido qual ser\u00e1 a proposta escolhida, pois h\u00e1 duas op\u00e7\u00f5es em an\u00e1lise.<\/p>\n\n\n\n<p><strong>Fonte: Portal iG<\/strong><\/p>\n","protected":false},"excerpt":{"rendered":"<p>Na segunda-feira pr\u00f3xima, dia 1\u00ba de maio, o governo do presidente Luiz In\u00e1cio Lula da Silva ir\u00e1 divulgar uma s\u00e9rie de medidas, incluindo o aumento do sal\u00e1rio m\u00ednimo de R$ 1.302 para R$ 1.320. O objetivo desse reajuste \u00e9 garantir que o sal\u00e1rio m\u00ednimo tenha um aumento real, ou seja, acima da infla\u00e7\u00e3o. O sal\u00e1rio [&hellip;]<\/p>\n","protected":false},"author":1,"featured_media":46103,"comment_status":"open","ping_status":"open","sticky":false,"template":"","format":"standard","meta":{"beyondwords_generate_audio":"","beyondwords_project_id":"","beyondwords_podcast_id":"","beyondwords_hash":"","beyondwords_error_message":"","beyondwords_disabled":"","publish_post_to_speechkit":"","speechkit_generate_audio":"","speechkit_project_id":"","speechkit_podcast_id":"","speechkit_hash":"","speechkit_error_message":"","speechkit_disabled":"","speechkit_access_key":"","speechkit_error":"","speechkit_info":"","speechkit_response":"","speechkit_retries":"","_speechkit_link":"","_speechkit_text":""},"categories":[516,134],"tags":[11374,122,518,350,5303,520,7623,6258,1089],"jetpack_featured_media_url":"","_links":{"self":[{"href":"https:\/\/pinews.com.br\/index.php\/wp-json\/wp\/v2\/posts\/47573"}],"collection":[{"href":"https:\/\/pinews.com.br\/index.php\/wp-json\/wp\/v2\/posts"}],"about":[{"href":"https:\/\/pinews.com.br\/index.php\/wp-json\/wp\/v2\/types\/post"}],"author":[{"embeddable":true,"href":"https:\/\/pinews.com.br\/index.php\/wp-json\/wp\/v2\/users\/1"}],"replies":[{"embeddable":true,"href":"https:\/\/pinews.com.br\/index.php\/wp-json\/wp\/v2\/comments?post=47573"}],"version-history":[{"count":0,"href":"https:\/\/pinews.com.br\/index.php\/wp-json\/wp\/v2\/posts\/47573\/revisions"}],"wp:featuredmedia":[{"embeddable":true,"href":"https:\/\/pinews.com.br\/index.php\/wp-json\/"}],"wp:attachment":[{"href":"https:\/\/pinews.com.br\/index.php\/wp-json\/wp\/v2\/media?parent=47573"}],"wp:term":[{"taxonomy":"category","embeddable":true,"href":"https:\/\/pinews.com.br\/index.php\/wp-json\/wp\/v2\/categories?post=47573"},{"taxonomy":"post_tag","embeddable":true,"href":"https:\/\/pinews.com.br\/index.php\/wp-json\/wp\/v2\/tags?post=47573"}],"curies":[{"name":"wp","href":"https:\/\/api.w.org\/{rel}","templated":true}]}}