{"id":47580,"date":"2023-04-27T11:10:17","date_gmt":"2023-04-27T14:10:17","guid":{"rendered":"https:\/\/pinews.com.br\/?p=46122"},"modified":"2023-04-27T11:10:17","modified_gmt":"2023-04-27T14:10:17","slug":"individuo-armado-com-revolver-e-detido-apos-roubar-motocicleta-no-litoral-do-piaui","status":"publish","type":"post","link":"https:\/\/pinews.com.br\/index.php\/2023\/04\/27\/individuo-armado-com-revolver-e-detido-apos-roubar-motocicleta-no-litoral-do-piaui\/","title":{"rendered":"Indiv\u00edduo armado com rev\u00f3lver \u00e9 detido ap\u00f3s roubar motocicleta no litoral do Piau\u00ed"},"content":{"rendered":"\n<p>Uma a\u00e7\u00e3o r\u00e1pida de uma guarni\u00e7\u00e3o do 24\u00ba Batalh\u00e3o de Pol\u00edcia Militar, com o apoio do Reservado, resultou na apreens\u00e3o de um adolescente de 17 anos e na recupera\u00e7\u00e3o de pertences subtra\u00eddos de ao menos tr\u00eas v\u00edtimas, na tarde desta quarta-feira (26\/04), na cidade de Lu\u00eds Correia, litoral do Piau\u00ed. <\/p>\n\n\n\n<p>Os militares foram acionados por volta das 15h30 acerca do roubo de uma motocicleta Honda\/Biz 125, de cor prata, ocorrida \u00e0s margens da PI-116, na altura doSesc Praia. Ao empreender dilig\u00eancias, a equipe tomou conhecimento de mais doisroubos, tendo como alvos uma casa constru\u00e7\u00e3o e um dep\u00f3sito de bebidas.<\/p>\n\n\n\n<p>Durante as buscas, os policiais se depararam com o suspeito na motocicleta da primeira v\u00edtima e deu-se inicio a um acompanhamento t\u00e1tico com a intercepta\u00e7\u00e3o do suspeito, que estava em posse de um rev\u00f3lver calibre 38, municiado com dois cartuchos intactos e um deflagrado, al\u00e9m de dinheiro e aparelhos celulares das outras v\u00edtimas.<\/p>\n\n\n\n<p>O adolescente foi encaminhado para a Delegacia de Pol\u00edcia Civil de Lu\u00eds Correia, onde foi autuado pelo ato infracional equiparado ao crime de roubo majorado e se encontra temporariamente \u00e0 disposi\u00e7\u00e3o da justi\u00e7a.<\/p>\n\n\n\n<p><strong>Fonte: 180 graus\/ Com informa\u00e7\u00f5es do Blog do coveiro<\/strong><\/p>\n","protected":false},"excerpt":{"rendered":"<p>Uma a\u00e7\u00e3o r\u00e1pida de uma guarni\u00e7\u00e3o do 24\u00ba Batalh\u00e3o de Pol\u00edcia Militar, com o apoio do Reservado, resultou na apreens\u00e3o de um adolescente de 17 anos e na recupera\u00e7\u00e3o de pertences subtra\u00eddos de ao menos tr\u00eas v\u00edtimas, na tarde desta quarta-feira (26\/04), na cidade de Lu\u00eds Correia, litoral do Piau\u00ed. Os militares foram acionados por [&hellip;]<\/p>\n","protected":false},"author":1,"featured_media":46123,"comment_status":"open","ping_status":"open","sticky":false,"template":"","format":"standard","meta":{"beyondwords_generate_audio":"","beyondwords_project_id":"","beyondwords_podcast_id":"","beyondwords_hash":"","beyondwords_error_message":"","beyondwords_disabled":"","publish_post_to_speechkit":"","speechkit_generate_audio":"","speechkit_project_id":"","speechkit_podcast_id":"","speechkit_hash":"","speechkit_error_message":"","speechkit_disabled":"","speechkit_access_key":"","speechkit_error":"","speechkit_info":"","speechkit_response":"","speechkit_retries":"","_speechkit_link":"","_speechkit_text":""},"categories":[51,78],"tags":[70,5620,736,72,10907,202,179,52,990,351],"jetpack_featured_media_url":"","_links":{"self":[{"href":"https:\/\/pinews.com.br\/index.php\/wp-json\/wp\/v2\/posts\/47580"}],"collection":[{"href":"https:\/\/pinews.com.br\/index.php\/wp-json\/wp\/v2\/posts"}],"about":[{"href":"https:\/\/pinews.com.br\/index.php\/wp-json\/wp\/v2\/types\/post"}],"author":[{"embeddable":true,"href":"https:\/\/pinews.com.br\/index.php\/wp-json\/wp\/v2\/users\/1"}],"replies":[{"embeddable":true,"href":"https:\/\/pinews.com.br\/index.php\/wp-json\/wp\/v2\/comments?post=47580"}],"version-history":[{"count":0,"href":"https:\/\/pinews.com.br\/index.php\/wp-json\/wp\/v2\/posts\/47580\/revisions"}],"wp:featuredmedia":[{"embeddable":true,"href":"https:\/\/pinews.com.br\/index.php\/wp-json\/"}],"wp:attachment":[{"href":"https:\/\/pinews.com.br\/index.php\/wp-json\/wp\/v2\/media?parent=47580"}],"wp:term":[{"taxonomy":"category","embeddable":true,"href":"https:\/\/pinews.com.br\/index.php\/wp-json\/wp\/v2\/categories?post=47580"},{"taxonomy":"post_tag","embeddable":true,"href":"https:\/\/pinews.com.br\/index.php\/wp-json\/wp\/v2\/tags?post=47580"}],"curies":[{"name":"wp","href":"https:\/\/api.w.org\/{rel}","templated":true}]}}