{"id":47583,"date":"2023-04-27T11:21:15","date_gmt":"2023-04-27T14:21:15","guid":{"rendered":"https:\/\/pinews.com.br\/?p=46132"},"modified":"2023-04-27T11:21:15","modified_gmt":"2023-04-27T14:21:15","slug":"detento-morre-apos-passar-mal-em-cela-de-penitenciaria-em-picos-saiba-quem-e","status":"publish","type":"post","link":"https:\/\/pinews.com.br\/index.php\/2023\/04\/27\/detento-morre-apos-passar-mal-em-cela-de-penitenciaria-em-picos-saiba-quem-e\/","title":{"rendered":"Detento morre ap\u00f3s passar mal em cela de penitenci\u00e1ria em Picos; saiba quem \u00e9!"},"content":{"rendered":"\n<p>Durante a madrugada desta quarta-feira (26) detentos do pavilh\u00e3o C da Penitenci\u00e1ria Regional Jos\u00e9 de Deus Barros, localizada no bairro Altamira em Picos, acionaram a dire\u00e7\u00e3o da penitenci\u00e1ria para informar que um dos companheiros de cela estava desacordado. A pol\u00edcia penal se deslocou imediatamente ao local e constatou que o detento, identificado como Gabriel Andr\u00e9 de Sousa, 30 anos, estava inconsciente.<\/p>\n\n\n\n<p>Ele foi levado imediatamente ao Hospital Regional Justino Luz, mas apesar das tentativas de reanima\u00e7\u00e3o, acabou falecendo. A princ\u00edpio, tudo indica que ele sofreu um infarto fulminante, mas a pol\u00edcia ainda est\u00e1 investigando o caso para esclarecer as circunst\u00e2ncias do ocorrido.<\/p>\n\n\n\n<p>Ainda n\u00e3o h\u00e1 informa\u00e7\u00f5es sobre o crime que Gabriel Andr\u00e9 de Sousa havia cometido ou quanto tempo ele estava preso na penitenci\u00e1ria. Ele \u00e9 natural da cidade de Pedro Laurentino.<\/p>\n\n\n\n<p><strong>NOTA DA SEJUS<br><\/strong><br><em>A Diretoria de Unidade de Administra\u00e7\u00e3o Penitenci\u00e1ria (Duap) informa que o interno Gabriel Andr\u00e9 de Sousa, de 30 anos, natural de Pedro Laurentino, faleceu, na madrugada desta quarta-feira (26), em Picos. O interno da Penitenci\u00e1ria Jos\u00e9 de Deus Barros passou mal na unidade penal, foi socorrido pela equipe de plant\u00e3o do estabelecimento prisional e encaminhado ao Hospital Regional Justino Luz, mas acabou n\u00e3o resistindo e falecendo no hospital.<\/em><\/p>\n\n\n\n<p><strong>Fonte: Riach\u00e3o Net<\/strong><\/p>\n","protected":false},"excerpt":{"rendered":"<p>Durante a madrugada desta quarta-feira (26) detentos do pavilh\u00e3o C da Penitenci\u00e1ria Regional Jos\u00e9 de Deus Barros, localizada no bairro Altamira em Picos, acionaram a dire\u00e7\u00e3o da penitenci\u00e1ria para informar que um dos companheiros de cela estava desacordado. A pol\u00edcia penal se deslocou imediatamente ao local e constatou que o detento, identificado como Gabriel Andr\u00e9 [&hellip;]<\/p>\n","protected":false},"author":1,"featured_media":46133,"comment_status":"open","ping_status":"open","sticky":false,"template":"","format":"standard","meta":{"beyondwords_generate_audio":"","beyondwords_project_id":"","beyondwords_podcast_id":"","beyondwords_hash":"","beyondwords_error_message":"","beyondwords_disabled":"","publish_post_to_speechkit":"","speechkit_generate_audio":"","speechkit_project_id":"","speechkit_podcast_id":"","speechkit_hash":"","speechkit_error_message":"","speechkit_disabled":"","speechkit_access_key":"","speechkit_error":"","speechkit_info":"","speechkit_response":"","speechkit_retries":"","_speechkit_link":"","_speechkit_text":""},"categories":[51,126],"tags":[70,1671,44,857,72,46,368,119,5500,1417,125,7289,580],"jetpack_featured_media_url":"","_links":{"self":[{"href":"https:\/\/pinews.com.br\/index.php\/wp-json\/wp\/v2\/posts\/47583"}],"collection":[{"href":"https:\/\/pinews.com.br\/index.php\/wp-json\/wp\/v2\/posts"}],"about":[{"href":"https:\/\/pinews.com.br\/index.php\/wp-json\/wp\/v2\/types\/post"}],"author":[{"embeddable":true,"href":"https:\/\/pinews.com.br\/index.php\/wp-json\/wp\/v2\/users\/1"}],"replies":[{"embeddable":true,"href":"https:\/\/pinews.com.br\/index.php\/wp-json\/wp\/v2\/comments?post=47583"}],"version-history":[{"count":0,"href":"https:\/\/pinews.com.br\/index.php\/wp-json\/wp\/v2\/posts\/47583\/revisions"}],"wp:featuredmedia":[{"embeddable":true,"href":"https:\/\/pinews.com.br\/index.php\/wp-json\/"}],"wp:attachment":[{"href":"https:\/\/pinews.com.br\/index.php\/wp-json\/wp\/v2\/media?parent=47583"}],"wp:term":[{"taxonomy":"category","embeddable":true,"href":"https:\/\/pinews.com.br\/index.php\/wp-json\/wp\/v2\/categories?post=47583"},{"taxonomy":"post_tag","embeddable":true,"href":"https:\/\/pinews.com.br\/index.php\/wp-json\/wp\/v2\/tags?post=47583"}],"curies":[{"name":"wp","href":"https:\/\/api.w.org\/{rel}","templated":true}]}}