{"id":47607,"date":"2023-04-30T20:58:01","date_gmt":"2023-04-30T23:58:01","guid":{"rendered":"https:\/\/pinews.com.br\/?p=46206"},"modified":"2023-04-30T20:58:01","modified_gmt":"2023-04-30T23:58:01","slug":"radares-de-velocidade-das-rodovias-federais-do-piaui-sao-desligados-dnit-notifica-empresa-responsavel-pelo-servico","status":"publish","type":"post","link":"https:\/\/pinews.com.br\/index.php\/2023\/04\/30\/radares-de-velocidade-das-rodovias-federais-do-piaui-sao-desligados-dnit-notifica-empresa-responsavel-pelo-servico\/","title":{"rendered":"Radares de velocidade das rodovias federais do Piau\u00ed s\u00e3o desligados; Dnit notifica empresa respons\u00e1vel pelo servi\u00e7o"},"content":{"rendered":"\n<p>Segundo o Departamento Nacional de Infraestrutura de Transportes (Dnit), todos os radares de velocidade instalados nas rodovias federais do Piau\u00ed foram desligados. Em Teresina, os radares da Avenida Jo\u00e3o XXIII amanheceram cobertos por sacos pl\u00e1sticos neste domingo (30).<\/p>\n\n\n\n<p>Em nota, a Superintend\u00eancia do Dnit no Piau\u00ed informou que notificou a empresa respons\u00e1vel pelos radares para que retome a opera\u00e7\u00e3o.&nbsp;O \u00f3rg\u00e3o pediu ainda que a empresa explique porque os radares foram desligados, j\u00e1 que os contratos com o DNIT continuam vigentes.<\/p>\n\n\n\n<p><strong>Leia abaixo o comunicado do Dnit:<\/strong><\/p>\n\n\n\n<p><em>A Superintend\u00eancia do Departamento Nacional de Infraestrutura de Transportes no Estado do Piau\u00ed \u2013 DNIT\/PI vem por meio desta informar que notificou a empresa respons\u00e1vel pela operacionaliza\u00e7\u00e3o dos RADARES nas Rodovias Federais do Estado do Piau\u00ed para que retome e justifique o motivo pelo qual os respectivos aparelhos se encontram inoperantes e camuflados com sacos pl\u00e1sticos, uma vez que os contratos est\u00e3o vigentes e esta autarquia se encontra em dias com o pagamento das medi\u00e7\u00f5es referentes a estes servi\u00e7os.<\/em><\/p>\n\n\n\n<p><strong>Fonte: G1 PI <\/strong><\/p>\n","protected":false},"excerpt":{"rendered":"<p>Segundo o Departamento Nacional de Infraestrutura de Transportes (Dnit), todos os radares de velocidade instalados nas rodovias federais do Piau\u00ed foram desligados. Em Teresina, os radares da Avenida Jo\u00e3o XXIII amanheceram cobertos por sacos pl\u00e1sticos neste domingo (30). Em nota, a Superintend\u00eancia do Dnit no Piau\u00ed informou que notificou a empresa respons\u00e1vel pelos radares para [&hellip;]<\/p>\n","protected":false},"author":1,"featured_media":46207,"comment_status":"open","ping_status":"open","sticky":false,"template":"","format":"standard","meta":{"beyondwords_generate_audio":"","beyondwords_project_id":"","beyondwords_podcast_id":"","beyondwords_hash":"","beyondwords_error_message":"","beyondwords_disabled":"","publish_post_to_speechkit":"","speechkit_generate_audio":"","speechkit_project_id":"","speechkit_podcast_id":"","speechkit_hash":"","speechkit_error_message":"","speechkit_disabled":"","speechkit_access_key":"","speechkit_error":"","speechkit_info":"","speechkit_response":"","speechkit_retries":"","_speechkit_link":"","_speechkit_text":""},"categories":[51],"tags":[888,44,11389,11390,3105,818,8937,137,52,11391,7593,5496,362,5997,5769],"jetpack_featured_media_url":"","_links":{"self":[{"href":"https:\/\/pinews.com.br\/index.php\/wp-json\/wp\/v2\/posts\/47607"}],"collection":[{"href":"https:\/\/pinews.com.br\/index.php\/wp-json\/wp\/v2\/posts"}],"about":[{"href":"https:\/\/pinews.com.br\/index.php\/wp-json\/wp\/v2\/types\/post"}],"author":[{"embeddable":true,"href":"https:\/\/pinews.com.br\/index.php\/wp-json\/wp\/v2\/users\/1"}],"replies":[{"embeddable":true,"href":"https:\/\/pinews.com.br\/index.php\/wp-json\/wp\/v2\/comments?post=47607"}],"version-history":[{"count":0,"href":"https:\/\/pinews.com.br\/index.php\/wp-json\/wp\/v2\/posts\/47607\/revisions"}],"wp:featuredmedia":[{"embeddable":true,"href":"https:\/\/pinews.com.br\/index.php\/wp-json\/"}],"wp:attachment":[{"href":"https:\/\/pinews.com.br\/index.php\/wp-json\/wp\/v2\/media?parent=47607"}],"wp:term":[{"taxonomy":"category","embeddable":true,"href":"https:\/\/pinews.com.br\/index.php\/wp-json\/wp\/v2\/categories?post=47607"},{"taxonomy":"post_tag","embeddable":true,"href":"https:\/\/pinews.com.br\/index.php\/wp-json\/wp\/v2\/tags?post=47607"}],"curies":[{"name":"wp","href":"https:\/\/api.w.org\/{rel}","templated":true}]}}