{"id":47850,"date":"2023-05-01T18:23:31","date_gmt":"2023-05-01T21:23:31","guid":{"rendered":"https:\/\/pinews.com.br\/?p=46234"},"modified":"2023-05-01T18:23:31","modified_gmt":"2023-05-01T21:23:31","slug":"homem-e-detido-apos-incendiar-moto-da-esposa-apos-discussao-em-paulistana","status":"publish","type":"post","link":"https:\/\/pinews.com.br\/index.php\/2023\/05\/01\/homem-e-detido-apos-incendiar-moto-da-esposa-apos-discussao-em-paulistana\/","title":{"rendered":"Homem \u00e9 detido ap\u00f3s incendiar moto da esposa ap\u00f3s discuss\u00e3o em Paulistana"},"content":{"rendered":"\n<p>Um homem de 40 anos foi detido pela Pol\u00edcia Militar ap\u00f3s incendiar a motocicleta da esposa no munic\u00edpio de Paulistana, a 472 km de Teresina.<\/p>\n\n\n\n<p>A Pol\u00edcia Militar informou que o crime ocorreu na noite de domingo (30) quando o homem incendiou a motocicleta da mulher que estava estacionada na frente da resid\u00eancia do casal no bairro Coab.<\/p>\n\n\n\n<p>\u201cNossa equipe recebeu a den\u00fancia, e quando chegamos no bairro foi constatado que o companheiro dessa mulher vai incendiado uma motocicleta dela ap\u00f3s uma discuss\u00e3o entre eles. N\u00e3o sabemos o motivo da discuss\u00e3o, apenas que eles j\u00e1 convivem juntos h\u00e1 20 anos e que possuem dois filhos\u201d, informou o major F\u00e9lix, comandante da PM em Paulistana.<\/p>\n\n\n\n<p>No local o homem foi detido e encaminhado para a Delegacia de Paulistana, pelo crime de dano qualificado com emprego se subst\u00e2ncia inflam\u00e1vel. Ap\u00f3s prestar esclarecimentos, ele foi solto.<\/p>\n\n\n\n<p>A PM informou que n\u00e3o h\u00e1 informa\u00e7\u00f5es sobre passagens do homem pela pol\u00edcia.<\/p>\n\n\n\n<figure class=\"wp-block-image size-full\"><img decoding=\"async\" src=\"https:\/\/pinews.com.br\/wp-content\/uploads\/2023\/05\/moto_incendiada_02.webp\" alt=\"\" class=\"wp-image-46235\"\/><figcaption class=\"wp-element-caption\">Fotos: PM-PI<\/figcaption><\/figure>\n\n\n\n<p><strong>Fonte: B\u00e1rbara Rodrigues\/ Cidade Verde <\/strong><\/p>\n","protected":false},"excerpt":{"rendered":"<p>Um homem de 40 anos foi detido pela Pol\u00edcia Militar ap\u00f3s incendiar a motocicleta da esposa no munic\u00edpio de Paulistana, a 472 km de Teresina. A Pol\u00edcia Militar informou que o crime ocorreu na noite de domingo (30) quando o homem incendiou a motocicleta da mulher que estava estacionada na frente da resid\u00eancia do casal [&hellip;]<\/p>\n","protected":false},"author":1,"featured_media":46236,"comment_status":"open","ping_status":"open","sticky":false,"template":"","format":"standard","meta":{"beyondwords_generate_audio":"","beyondwords_project_id":"","beyondwords_podcast_id":"","beyondwords_hash":"","beyondwords_error_message":"","beyondwords_disabled":"","publish_post_to_speechkit":"","speechkit_generate_audio":"","speechkit_project_id":"","speechkit_podcast_id":"","speechkit_hash":"","speechkit_error_message":"","speechkit_disabled":"","speechkit_access_key":"","speechkit_error":"","speechkit_info":"","speechkit_response":"","speechkit_retries":"","_speechkit_link":"","_speechkit_text":""},"categories":[51,78],"tags":[70,122,736,831,72,46,388,84,8392,304,276],"jetpack_featured_media_url":"","_links":{"self":[{"href":"https:\/\/pinews.com.br\/index.php\/wp-json\/wp\/v2\/posts\/47850"}],"collection":[{"href":"https:\/\/pinews.com.br\/index.php\/wp-json\/wp\/v2\/posts"}],"about":[{"href":"https:\/\/pinews.com.br\/index.php\/wp-json\/wp\/v2\/types\/post"}],"author":[{"embeddable":true,"href":"https:\/\/pinews.com.br\/index.php\/wp-json\/wp\/v2\/users\/1"}],"replies":[{"embeddable":true,"href":"https:\/\/pinews.com.br\/index.php\/wp-json\/wp\/v2\/comments?post=47850"}],"version-history":[{"count":0,"href":"https:\/\/pinews.com.br\/index.php\/wp-json\/wp\/v2\/posts\/47850\/revisions"}],"wp:featuredmedia":[{"embeddable":true,"href":"https:\/\/pinews.com.br\/index.php\/wp-json\/"}],"wp:attachment":[{"href":"https:\/\/pinews.com.br\/index.php\/wp-json\/wp\/v2\/media?parent=47850"}],"wp:term":[{"taxonomy":"category","embeddable":true,"href":"https:\/\/pinews.com.br\/index.php\/wp-json\/wp\/v2\/categories?post=47850"},{"taxonomy":"post_tag","embeddable":true,"href":"https:\/\/pinews.com.br\/index.php\/wp-json\/wp\/v2\/tags?post=47850"}],"curies":[{"name":"wp","href":"https:\/\/api.w.org\/{rel}","templated":true}]}}