{"id":47863,"date":"2023-05-02T21:03:47","date_gmt":"2023-05-03T00:03:47","guid":{"rendered":"https:\/\/pinews.com.br\/?p=46270"},"modified":"2023-05-02T21:03:47","modified_gmt":"2023-05-03T00:03:47","slug":"mae-e-namorado-sao-denunciados-por-tortura-apos-filha-compartilhar-video-de-agressao-em-simplicio-mendes","status":"publish","type":"post","link":"https:\/\/pinews.com.br\/index.php\/2023\/05\/02\/mae-e-namorado-sao-denunciados-por-tortura-apos-filha-compartilhar-video-de-agressao-em-simplicio-mendes\/","title":{"rendered":"M\u00e3e e namorado s\u00e3o denunciados por tortura ap\u00f3s filha compartilhar v\u00eddeo de agress\u00e3o em Simpl\u00edcio Mendes"},"content":{"rendered":"\n<p>A Pol\u00edcia Civil do Piau\u00ed investiga um caso de tortura praticado contra uma adolescente de 16 anos e seus irm\u00e3os de tr\u00eas, 10 e 11 anos de idade na cidade de Simpl\u00edcio Mendes, no interior do estado. As investiga\u00e7\u00f5es resultaram no pedido de pris\u00e3o preventiva da pr\u00f3pria m\u00e3e e do namorado dela [que est\u00e1 foragido] ap\u00f3s a filha mais velha compartilhar v\u00eddeos e fotos da irm\u00e3 mais nova sendo agredida a socos.&nbsp;<\/p>\n\n\n\n<p>As imagens mostram a garota de tr\u00eas anos sendo agredida com socos na cabe\u00e7a, enquanto o agressor, namorado da m\u00e3e, balbucia: &#8216;cala a boca e pode chorar&#8217;. O v\u00eddeo tem dura\u00e7\u00e3o de 15 segundos e mostra a v\u00edtima deitada e sem rea\u00e7\u00e3o.<\/p>\n\n\n\n<p>&#8220;J\u00e1 acompanh\u00e1vamos a m\u00e3e porque ela j\u00e1 responde a um processo de maus-tratos em rela\u00e7\u00e3o \u00e0 essa adolescente de 16 anos. Por\u00e9m, apuramos que a situa\u00e7\u00e3o piorou ap\u00f3s ela assumir relacionamento h\u00e1 cerca de quatro meses.  Os dois consomem bebida alco\u00f3lica e drogas e nisso criou um ambiente de conflito e agress\u00f5es envolvendo a adolescente de 16 anos, os outros filhos de 10, 11 e essa de tr\u00eas anos. A m\u00e3e praticava as les\u00f5es e o ind\u00edviduo que passou a conviver com ela tamb\u00e9m&#8221;, informou o delegado Jos\u00e9 Wellington, titular do Simpl\u00edcio Mendes. <\/p>\n\n\n\n<figure class=\"wp-block-image\"><img decoding=\"async\" src=\"https:\/\/cidadeverde.com\/assets\/uploads\/noticias\/e504c3167548c9f04f641978ee754066.jpg\" alt=\"\"\/><figcaption class=\"wp-element-caption\">Les\u00e3o de mordida na adolescente de 16 anos\/ Foto: divulga\u00e7\u00e3o PC-PI<\/figcaption><\/figure>\n\n\n\n<p>A agress\u00e3o registrada em v\u00eddeo ocorreu h\u00e1 dez dias e provavelmente foi presenciada pela m\u00e3e. A adolescente s\u00f3 conseguiu compartilhar o v\u00eddeo com um familiar porque aproveitou que o suspeito estava dormindo. No celular dele havia ainda fotos que tamb\u00e9m mostram as les\u00f5es f\u00edsicas.&nbsp;<\/p>\n\n\n\n<p>A investiga\u00e7\u00e3o aponta que as v\u00edtimas eram agredidas com socos, chutes, pux\u00f5es de cabelo, mordidas, bem verbal psicologicamente. A adolescente que denunciou o caso, inclusive, j\u00e1 teria sido arremessado contra a parede pela m\u00e3e.<\/p>\n\n\n\n<p>Os dois foram indiciados por tortura-castigo majorada por ter sido cometida contra crian\u00e7a e adolescente. A m\u00e3e vai responder ainda por tortura-omiss\u00e3o.&nbsp;<\/p>\n\n\n\n<p>&#8220;A familia vive em uma situa\u00e7\u00e3o bastante degradante. S\u00e3o quatro filhos, cada um com pai diferente, e ela n\u00e3o levava uma vida saud\u00e1vel, o que se agravou ap\u00f3s a uni\u00e3o est\u00e1vel com esse namorado. As agress\u00f5es, que eu classifico como tortura, n\u00e3o vieram de agora. O v\u00eddeo mostra apenas o que veio \u00e0 tona agora. A situa\u00e7\u00e3o era constante. Mas continuamos investigando e vamos prend\u00ea-lo&#8221;, afirma o delegado.&nbsp;<\/p>\n\n\n\n<p>O caso \u00e9 acompanhado tamb\u00e9m pelo Conselho Tutelar. As v\u00edtimas est\u00e3o na resid\u00eancia de parentes at\u00e9 decis\u00e3o judicial que vai definir tamb\u00e9m se a m\u00e3e ser\u00e1 presa.&nbsp;<\/p>\n\n\n\n<p><strong>Fonte: Graciane Ar\u00e1ujo\/ Cidade Verde <\/strong><\/p>\n","protected":false},"excerpt":{"rendered":"<p>A Pol\u00edcia Civil do Piau\u00ed investiga um caso de tortura praticado contra uma adolescente de 16 anos e seus irm\u00e3os de tr\u00eas, 10 e 11 anos de idade na cidade de Simpl\u00edcio Mendes, no interior do estado. As investiga\u00e7\u00f5es resultaram no pedido de pris\u00e3o preventiva da pr\u00f3pria m\u00e3e e do namorado dela [que est\u00e1 foragido] [&hellip;]<\/p>\n","protected":false},"author":1,"featured_media":46271,"comment_status":"open","ping_status":"open","sticky":false,"template":"","format":"standard","meta":{"beyondwords_generate_audio":"","beyondwords_project_id":"","beyondwords_podcast_id":"","beyondwords_hash":"","beyondwords_error_message":"","beyondwords_disabled":"","publish_post_to_speechkit":"","speechkit_generate_audio":"","speechkit_project_id":"","speechkit_podcast_id":"","speechkit_hash":"","speechkit_error_message":"","speechkit_disabled":"","speechkit_access_key":"","speechkit_error":"","speechkit_info":"","speechkit_response":"","speechkit_retries":"","_speechkit_link":"","_speechkit_text":""},"categories":[51,78],"tags":[501,70,8037,44,11400,46,358,117,945,275,59,362,946,2035,67],"jetpack_featured_media_url":"","_links":{"self":[{"href":"https:\/\/pinews.com.br\/index.php\/wp-json\/wp\/v2\/posts\/47863"}],"collection":[{"href":"https:\/\/pinews.com.br\/index.php\/wp-json\/wp\/v2\/posts"}],"about":[{"href":"https:\/\/pinews.com.br\/index.php\/wp-json\/wp\/v2\/types\/post"}],"author":[{"embeddable":true,"href":"https:\/\/pinews.com.br\/index.php\/wp-json\/wp\/v2\/users\/1"}],"replies":[{"embeddable":true,"href":"https:\/\/pinews.com.br\/index.php\/wp-json\/wp\/v2\/comments?post=47863"}],"version-history":[{"count":0,"href":"https:\/\/pinews.com.br\/index.php\/wp-json\/wp\/v2\/posts\/47863\/revisions"}],"wp:featuredmedia":[{"embeddable":true,"href":"https:\/\/pinews.com.br\/index.php\/wp-json\/"}],"wp:attachment":[{"href":"https:\/\/pinews.com.br\/index.php\/wp-json\/wp\/v2\/media?parent=47863"}],"wp:term":[{"taxonomy":"category","embeddable":true,"href":"https:\/\/pinews.com.br\/index.php\/wp-json\/wp\/v2\/categories?post=47863"},{"taxonomy":"post_tag","embeddable":true,"href":"https:\/\/pinews.com.br\/index.php\/wp-json\/wp\/v2\/tags?post=47863"}],"curies":[{"name":"wp","href":"https:\/\/api.w.org\/{rel}","templated":true}]}}