{"id":47878,"date":"2023-05-04T11:49:33","date_gmt":"2023-05-04T14:49:33","guid":{"rendered":"https:\/\/pinews.com.br\/?p=46325"},"modified":"2023-05-04T11:49:33","modified_gmt":"2023-05-04T14:49:33","slug":"irmao-cunhada-e-sobrinha-de-prefeito-no-piaui-morrem-em-grave-acidente-na-bahia","status":"publish","type":"post","link":"https:\/\/pinews.com.br\/index.php\/2023\/05\/04\/irmao-cunhada-e-sobrinha-de-prefeito-no-piaui-morrem-em-grave-acidente-na-bahia\/","title":{"rendered":"Irm\u00e3o, cunhada e sobrinha de prefeito no Piau\u00ed morrem em grave acidente na Bahia"},"content":{"rendered":"\n<p>Tr\u00eas pessoas da mesma fam\u00edlia morreram em grave acidente envolvendo carro e caminh\u00e3o nesta quarta-feira (03\/05), na BR-020, em S\u00e3o Desid\u00e9rio, Oeste da Bahia. As v\u00edtimas s\u00e3o irm\u00e3o, cunhada e sobrinha do prefeito de Monte Alegre do Piau\u00ed, Dijalma Mascarenhas. <\/p>\n\n\n\n<p>Ap\u00f3s a batida, duas v\u00edtimas identificadas como Juscelino Gomes Mascarenhas e Raimunda Borges Mascarenhas ficaram presas nas ferragens e tiveram morte instant\u00e2nea. A outra v\u00edtima identificada como Jusandra Borges Mascarenhas foi socorrida para hospital, mas n\u00e3o resistiu.<\/p>\n\n\n\n<p>Segundo a Pol\u00edcia Rodovi\u00e1ria Federal (PRF), as v\u00edtimas s\u00e3o ocupantes de um Palio e a causa do acidente teria sido uma tentativa de ultrapassagem, realizada pelo ve\u00edculo de passeio, que bateu de frente com o caminh\u00e3o com carga de tinhas. <\/p>\n\n\n\n<figure class=\"wp-block-image size-full\"><img decoding=\"async\" src=\"https:\/\/pinews.com.br\/wp-content\/uploads\/2023\/05\/caminhao-envolvido-em-acidente_-4947460176056991359.jpg\" alt=\"\" class=\"wp-image-46326\"\/><figcaption class=\"wp-element-caption\">FOTO: PRF\/ Caminh\u00e3o envolvido em acidente<\/figcaption><\/figure>\n\n\n\n<p><strong>Fonte: 180 graus\/ Com informa\u00e7\u00f5es do Portal B1<\/strong><\/p>\n","protected":false},"excerpt":{"rendered":"<p>Tr\u00eas pessoas da mesma fam\u00edlia morreram em grave acidente envolvendo carro e caminh\u00e3o nesta quarta-feira (03\/05), na BR-020, em S\u00e3o Desid\u00e9rio, Oeste da Bahia. As v\u00edtimas s\u00e3o irm\u00e3o, cunhada e sobrinha do prefeito de Monte Alegre do Piau\u00ed, Dijalma Mascarenhas. Ap\u00f3s a batida, duas v\u00edtimas identificadas como Juscelino Gomes Mascarenhas e Raimunda Borges Mascarenhas ficaram [&hellip;]<\/p>\n","protected":false},"author":1,"featured_media":46328,"comment_status":"open","ping_status":"open","sticky":false,"template":"","format":"standard","meta":{"beyondwords_generate_audio":"","beyondwords_project_id":"","beyondwords_podcast_id":"","beyondwords_hash":"","beyondwords_error_message":"","beyondwords_disabled":"","publish_post_to_speechkit":"","speechkit_generate_audio":"","speechkit_project_id":"","speechkit_podcast_id":"","speechkit_hash":"","speechkit_error_message":"","speechkit_disabled":"","speechkit_access_key":"","speechkit_error":"","speechkit_info":"","speechkit_response":"","speechkit_retries":"","_speechkit_link":"","_speechkit_text":""},"categories":[51],"tags":[176,761,8131,44,46,404,1265,261,91,52,889,9736],"jetpack_featured_media_url":"","_links":{"self":[{"href":"https:\/\/pinews.com.br\/index.php\/wp-json\/wp\/v2\/posts\/47878"}],"collection":[{"href":"https:\/\/pinews.com.br\/index.php\/wp-json\/wp\/v2\/posts"}],"about":[{"href":"https:\/\/pinews.com.br\/index.php\/wp-json\/wp\/v2\/types\/post"}],"author":[{"embeddable":true,"href":"https:\/\/pinews.com.br\/index.php\/wp-json\/wp\/v2\/users\/1"}],"replies":[{"embeddable":true,"href":"https:\/\/pinews.com.br\/index.php\/wp-json\/wp\/v2\/comments?post=47878"}],"version-history":[{"count":0,"href":"https:\/\/pinews.com.br\/index.php\/wp-json\/wp\/v2\/posts\/47878\/revisions"}],"wp:featuredmedia":[{"embeddable":true,"href":"https:\/\/pinews.com.br\/index.php\/wp-json\/"}],"wp:attachment":[{"href":"https:\/\/pinews.com.br\/index.php\/wp-json\/wp\/v2\/media?parent=47878"}],"wp:term":[{"taxonomy":"category","embeddable":true,"href":"https:\/\/pinews.com.br\/index.php\/wp-json\/wp\/v2\/categories?post=47878"},{"taxonomy":"post_tag","embeddable":true,"href":"https:\/\/pinews.com.br\/index.php\/wp-json\/wp\/v2\/tags?post=47878"}],"curies":[{"name":"wp","href":"https:\/\/api.w.org\/{rel}","templated":true}]}}