{"id":47940,"date":"2023-05-12T11:29:29","date_gmt":"2023-05-12T14:29:29","guid":{"rendered":"https:\/\/pinews.com.br\/?p=46536"},"modified":"2023-05-12T11:29:29","modified_gmt":"2023-05-12T14:29:29","slug":"policia-prende-quatro-por-trafico-de-drogas-e-apreende-arma-e-dinheiro-no-piaui","status":"publish","type":"post","link":"https:\/\/pinews.com.br\/index.php\/2023\/05\/12\/policia-prende-quatro-por-trafico-de-drogas-e-apreende-arma-e-dinheiro-no-piaui\/","title":{"rendered":"Pol\u00edcia prende quatro por tr\u00e1fico de drogas e apreende arma e dinheiro no Piau\u00ed"},"content":{"rendered":"\n<p>A Pol\u00edcia Civil prendeu na tarde dessa quinta-feira (11), no munic\u00edpio de Cocal (a 268 km de Teresina), quatro homens por tr\u00e1fico de drogas, posse de arma de fogo, crime ambiental e furto qualificado durante a opera\u00e7\u00e3o Babil\u00f4nia I.<\/p>\n\n\n\n<p>As pris\u00f5es ocorreram ap\u00f3s o cumprimento de oito mandados de busca e apreens\u00e3o e um mandado de pris\u00e3o na zona rural e no per\u00edmetro urbano de Cocal.<\/p>\n\n\n\n<figure class=\"wp-block-image\"><img decoding=\"async\" src=\"https:\/\/cidadeverde.com\/assets\/uploads\/posts\/WhatsApp_Image_2023-05-12_at_10_24_53_edit.jpg\" alt=\"\"\/><figcaption class=\"wp-element-caption\"><em>Fotos: Ascom\/Pol\u00edcia Civil <\/em><\/figcaption><\/figure>\n\n\n\n<p>Na a\u00e7\u00e3o, tamb\u00e9m foram apreendidos diversos aparelhos celulares, drogas, uma arma de fogo, dinheiro, galos de briga e outros objetos relacionados ao tr\u00e1fico de drogas.<\/p>\n\n\n\n<p>Os presos foram encaminhados \u00e0 delegacia de Cocal, onde foram autuados e ficar\u00e3o \u00e0 disposi\u00e7\u00e3o da Justi\u00e7a.<\/p>\n\n\n\n<figure class=\"wp-block-image is-resized\"><img decoding=\"async\" loading=\"lazy\" src=\"https:\/\/cidadeverde.com\/assets\/uploads\/posts\/WhatsApp_Image_2023-05-12_at_10_24_54_EDIIIIIT.jpg\" alt=\"\" width=\"377\" height=\"211\"\/><figcaption class=\"wp-element-caption\">Fotos: Ascom\/Pol\u00edcia Civil <\/figcaption><\/figure>\n\n\n\n<p><strong>Fonte: Rebeca Lima\/ Cidade Verde <\/strong><\/p>\n","protected":false},"excerpt":{"rendered":"<p>A Pol\u00edcia Civil prendeu na tarde dessa quinta-feira (11), no munic\u00edpio de Cocal (a 268 km de Teresina), quatro homens por tr\u00e1fico de drogas, posse de arma de fogo, crime ambiental e furto qualificado durante a opera\u00e7\u00e3o Babil\u00f4nia I. As pris\u00f5es ocorreram ap\u00f3s o cumprimento de oito mandados de busca e apreens\u00e3o e um mandado [&hellip;]<\/p>\n","protected":false},"author":1,"featured_media":46537,"comment_status":"open","ping_status":"open","sticky":false,"template":"","format":"standard","meta":{"beyondwords_generate_audio":"","beyondwords_project_id":"","beyondwords_podcast_id":"","beyondwords_hash":"","beyondwords_error_message":"","beyondwords_disabled":"","publish_post_to_speechkit":"","speechkit_generate_audio":"","speechkit_project_id":"","speechkit_podcast_id":"","speechkit_hash":"","speechkit_error_message":"","speechkit_disabled":"","speechkit_access_key":"","speechkit_error":"","speechkit_info":"","speechkit_response":"","speechkit_retries":"","_speechkit_link":"","_speechkit_text":""},"categories":[51,78],"tags":[105,326,44,319,193,52,466,59,112,772,195],"jetpack_featured_media_url":"","_links":{"self":[{"href":"https:\/\/pinews.com.br\/index.php\/wp-json\/wp\/v2\/posts\/47940"}],"collection":[{"href":"https:\/\/pinews.com.br\/index.php\/wp-json\/wp\/v2\/posts"}],"about":[{"href":"https:\/\/pinews.com.br\/index.php\/wp-json\/wp\/v2\/types\/post"}],"author":[{"embeddable":true,"href":"https:\/\/pinews.com.br\/index.php\/wp-json\/wp\/v2\/users\/1"}],"replies":[{"embeddable":true,"href":"https:\/\/pinews.com.br\/index.php\/wp-json\/wp\/v2\/comments?post=47940"}],"version-history":[{"count":0,"href":"https:\/\/pinews.com.br\/index.php\/wp-json\/wp\/v2\/posts\/47940\/revisions"}],"wp:featuredmedia":[{"embeddable":true,"href":"https:\/\/pinews.com.br\/index.php\/wp-json\/"}],"wp:attachment":[{"href":"https:\/\/pinews.com.br\/index.php\/wp-json\/wp\/v2\/media?parent=47940"}],"wp:term":[{"taxonomy":"category","embeddable":true,"href":"https:\/\/pinews.com.br\/index.php\/wp-json\/wp\/v2\/categories?post=47940"},{"taxonomy":"post_tag","embeddable":true,"href":"https:\/\/pinews.com.br\/index.php\/wp-json\/wp\/v2\/tags?post=47940"}],"curies":[{"name":"wp","href":"https:\/\/api.w.org\/{rel}","templated":true}]}}