{"id":47943,"date":"2023-05-12T11:49:45","date_gmt":"2023-05-12T14:49:45","guid":{"rendered":"https:\/\/pinews.com.br\/?p=46546"},"modified":"2023-05-14T21:25:32","modified_gmt":"2023-05-15T00:25:32","slug":"justica-condena-a-30-anos-detento-que-matou-rival-com-ziper-de-colchao-em-presidio-do-piaui","status":"publish","type":"post","link":"https:\/\/pinews.com.br\/index.php\/2023\/05\/12\/justica-condena-a-30-anos-detento-que-matou-rival-com-ziper-de-colchao-em-presidio-do-piaui\/","title":{"rendered":"Justi\u00e7a condena a 30 anos detento que matou rival com z\u00edper de colch\u00e3o em pres\u00eddio do Piau\u00ed"},"content":{"rendered":"\n<p>O Tribunal do J\u00fari condenou a 30 anos de pris\u00e3o o homem acusado de assassinar Francisco Alisson Pereira da Silva,&nbsp;no dia 8 de novembro de 2017. Ambos estavam presos na Casa de Deten\u00e7\u00e3o de&nbsp;Altos. A v\u00edtima foi estrangulada com o z\u00edper do colch\u00e3o.<\/p>\n\n\n\n<p>De acordo com o promotor de Justi\u00e7a Silas Lopes, Francisco morreu devido a um sufocamento.<\/p>\n\n\n\n<p>\u201cHouve o acolhimento da den\u00fancia por homic\u00eddio triplamente qualificado por asfixia, impossibilidade de defesa e motivo torpe, por matar pessoa por integrar fac\u00e7\u00e3o rival e vingar outro homic\u00eddio\u201d, explicou o promotor.<\/p>\n\n\n\n<p>Conforme o Minist\u00e9rio P\u00fablico do Piau\u00ed (MPPI), foi solicitada ainda a manuten\u00e7\u00e3o da pris\u00e3o preventiva do acusado para a identifica\u00e7\u00e3o do r\u00e9u, j\u00e1 que ele utilizava os nomes Jo\u00e3o da Cruz Val\u00e9rio J\u00fanior e David da Silva.<\/p>\n\n\n\n<h2>Relembre o caso<\/h2>\n\n\n\n<p>No fim da noite do dia 8 de novembro de 2017,&nbsp;Francisco Alisson Pereira da Silva foi encontrado morto&nbsp;na cela 10 d pavilh\u00e3o B do pres\u00eddio.<\/p>\n\n\n\n<p>Segundo a den\u00fancia, Francisco teria assassinado o colega de fac\u00e7\u00e3o do r\u00e9u em fevereiro de 2017, durante o trajeto entre a Casa de Cust\u00f3dia e a cidade de Floriano. Por este motivo, Francisco foi estrangulado com o z\u00edper do colch\u00e3o.<\/p>\n\n\n\n<p><strong>Fonte: G1 PI <\/strong><\/p>\n","protected":false},"excerpt":{"rendered":"<p>O Tribunal do J\u00fari condenou a 30 anos de pris\u00e3o o homem acusado de assassinar Francisco Alisson Pereira da Silva,&nbsp;no dia 8 de novembro de 2017. Ambos estavam presos na Casa de Deten\u00e7\u00e3o de&nbsp;Altos. A v\u00edtima foi estrangulada com o z\u00edper do colch\u00e3o. De acordo com o promotor de Justi\u00e7a Silas Lopes, Francisco morreu devido [&hellip;]<\/p>\n","protected":false},"author":1,"featured_media":48095,"comment_status":"open","ping_status":"open","sticky":false,"template":"","format":"standard","meta":{"beyondwords_generate_audio":"","beyondwords_project_id":"","beyondwords_podcast_id":"","beyondwords_hash":"","beyondwords_error_message":"","beyondwords_disabled":"","publish_post_to_speechkit":"","speechkit_generate_audio":"","speechkit_project_id":"","speechkit_podcast_id":"","speechkit_hash":"","speechkit_error_message":"","speechkit_disabled":"","speechkit_access_key":"","speechkit_error":"","speechkit_info":"","speechkit_response":"","speechkit_retries":"","_speechkit_link":"","_speechkit_text":""},"categories":[51,78],"tags":[780,82,8335,7328,44,857,46,1097,685,52,858,686,11437],"jetpack_featured_media_url":"https:\/\/pinews.com.br\/wp-content\/uploads\/2023\/05\/rebeliao1-696x522-1.jpg","_links":{"self":[{"href":"https:\/\/pinews.com.br\/index.php\/wp-json\/wp\/v2\/posts\/47943"}],"collection":[{"href":"https:\/\/pinews.com.br\/index.php\/wp-json\/wp\/v2\/posts"}],"about":[{"href":"https:\/\/pinews.com.br\/index.php\/wp-json\/wp\/v2\/types\/post"}],"author":[{"embeddable":true,"href":"https:\/\/pinews.com.br\/index.php\/wp-json\/wp\/v2\/users\/1"}],"replies":[{"embeddable":true,"href":"https:\/\/pinews.com.br\/index.php\/wp-json\/wp\/v2\/comments?post=47943"}],"version-history":[{"count":1,"href":"https:\/\/pinews.com.br\/index.php\/wp-json\/wp\/v2\/posts\/47943\/revisions"}],"predecessor-version":[{"id":48096,"href":"https:\/\/pinews.com.br\/index.php\/wp-json\/wp\/v2\/posts\/47943\/revisions\/48096"}],"wp:featuredmedia":[{"embeddable":true,"href":"https:\/\/pinews.com.br\/index.php\/wp-json\/wp\/v2\/media\/48095"}],"wp:attachment":[{"href":"https:\/\/pinews.com.br\/index.php\/wp-json\/wp\/v2\/media?parent=47943"}],"wp:term":[{"taxonomy":"category","embeddable":true,"href":"https:\/\/pinews.com.br\/index.php\/wp-json\/wp\/v2\/categories?post=47943"},{"taxonomy":"post_tag","embeddable":true,"href":"https:\/\/pinews.com.br\/index.php\/wp-json\/wp\/v2\/tags?post=47943"}],"curies":[{"name":"wp","href":"https:\/\/api.w.org\/{rel}","templated":true}]}}