{"id":48206,"date":"2023-05-20T11:35:31","date_gmt":"2023-05-20T14:35:31","guid":{"rendered":"https:\/\/pinews.com.br\/?p=46733"},"modified":"2023-05-20T11:35:31","modified_gmt":"2023-05-20T14:35:31","slug":"ajudante-de-pedreiro-tem-surto-psicotico-mata-a-propria-tia-estrangulada-e-incendeia-corpo-dela-no-piaui","status":"publish","type":"post","link":"https:\/\/pinews.com.br\/index.php\/2023\/05\/20\/ajudante-de-pedreiro-tem-surto-psicotico-mata-a-propria-tia-estrangulada-e-incendeia-corpo-dela-no-piaui\/","title":{"rendered":"Ajudante de pedreiro tem surto psic\u00f3tico, mata a pr\u00f3pria tia estrangulada e incendeia corpo dela no Piau\u00ed"},"content":{"rendered":"\n<p>Um ajudante de pedreiro de 32 anos sofreu um surto psic\u00f3tico e matou a pr\u00f3pria tia-av\u00f3 estrangulada nesta sexta-feira (19), no munic\u00edpio de S\u00e3o Jos\u00e9 do Divino, Norte do Piau\u00ed. Ele foi preso em flagrante e confessou o crime.<\/p>\n\n\n\n<p>O homem trabalhava como ajudante de pedreiro e morava em uma resid\u00eancia com a irm\u00e3 e a v\u00edtima. Segundo a irm\u00e3, ele era usu\u00e1rio de droga.<\/p>\n\n\n\n<p>Durante a madrugada desta sexta (19), ele incendiou um fog\u00e3o da casa. O delegado Abimael Silva, respons\u00e1vel pela investiga\u00e7\u00e3o do caso, informou que a irm\u00e3 e a tia-av\u00f3 dele tentaram impedir e o homem come\u00e7ou a ficar agressivo com as duas.<\/p>\n\n\n\n<blockquote class=\"wp-block-quote\">\n<p>\u201cA irm\u00e3 dele foi pedir ajuda para vizinhos. Nesse momento, ele estrangulou a tia-av\u00f3 e jogou ela no fog\u00e3o que estava pegando fogo. Ela morreu nessa situa\u00e7\u00e3o\u201d, afirmou ao&nbsp;<a class=\"\" href=\"https:\/\/g1.globo.com\/pi\/piaui\/\"><strong>g1<\/strong><\/a>.<\/p>\n<\/blockquote>\n\n\n\n<p>Os policiais militares arrombaram a porta da resid\u00eancia que estava trancada e encontraram o homem nu e sujo de \u00f3leo.<\/p>\n\n\n\n<p>Ele foi conduzido \u00e0 Delegacia de Pol\u00edcia Civil de Piracuruca e deve passar por audi\u00eancia de cust\u00f3dia.<\/p>\n\n\n\n<p><strong>Fonte: G1 Pl <\/strong><\/p>\n","protected":false},"excerpt":{"rendered":"<p>Um ajudante de pedreiro de 32 anos sofreu um surto psic\u00f3tico e matou a pr\u00f3pria tia-av\u00f3 estrangulada nesta sexta-feira (19), no munic\u00edpio de S\u00e3o Jos\u00e9 do Divino, Norte do Piau\u00ed. Ele foi preso em flagrante e confessou o crime. O homem trabalhava como ajudante de pedreiro e morava em uma resid\u00eancia com a irm\u00e3 e [&hellip;]<\/p>\n","protected":false},"author":1,"featured_media":46734,"comment_status":"open","ping_status":"open","sticky":false,"template":"","format":"standard","meta":{"beyondwords_generate_audio":"","beyondwords_project_id":"","beyondwords_podcast_id":"","beyondwords_hash":"","beyondwords_error_message":"","beyondwords_disabled":"","publish_post_to_speechkit":"","speechkit_generate_audio":"","speechkit_project_id":"","speechkit_podcast_id":"","speechkit_hash":"","speechkit_error_message":"","speechkit_disabled":"","speechkit_access_key":"","speechkit_error":"","speechkit_info":"","speechkit_response":"","speechkit_retries":"","_speechkit_link":"","_speechkit_text":""},"categories":[51,78],"tags":[7830,55,44,115,8918,8824,49,992,52,92,10091,7519,60,8150],"jetpack_featured_media_url":"","_links":{"self":[{"href":"https:\/\/pinews.com.br\/index.php\/wp-json\/wp\/v2\/posts\/48206"}],"collection":[{"href":"https:\/\/pinews.com.br\/index.php\/wp-json\/wp\/v2\/posts"}],"about":[{"href":"https:\/\/pinews.com.br\/index.php\/wp-json\/wp\/v2\/types\/post"}],"author":[{"embeddable":true,"href":"https:\/\/pinews.com.br\/index.php\/wp-json\/wp\/v2\/users\/1"}],"replies":[{"embeddable":true,"href":"https:\/\/pinews.com.br\/index.php\/wp-json\/wp\/v2\/comments?post=48206"}],"version-history":[{"count":0,"href":"https:\/\/pinews.com.br\/index.php\/wp-json\/wp\/v2\/posts\/48206\/revisions"}],"wp:featuredmedia":[{"embeddable":true,"href":"https:\/\/pinews.com.br\/index.php\/wp-json\/"}],"wp:attachment":[{"href":"https:\/\/pinews.com.br\/index.php\/wp-json\/wp\/v2\/media?parent=48206"}],"wp:term":[{"taxonomy":"category","embeddable":true,"href":"https:\/\/pinews.com.br\/index.php\/wp-json\/wp\/v2\/categories?post=48206"},{"taxonomy":"post_tag","embeddable":true,"href":"https:\/\/pinews.com.br\/index.php\/wp-json\/wp\/v2\/tags?post=48206"}],"curies":[{"name":"wp","href":"https:\/\/api.w.org\/{rel}","templated":true}]}}