{"id":48230,"date":"2023-05-22T19:15:04","date_gmt":"2023-05-22T22:15:04","guid":{"rendered":"https:\/\/pinews.com.br\/?p=46815"},"modified":"2023-06-08T13:10:56","modified_gmt":"2023-06-08T16:10:56","slug":"em-sao-juliao-botijao-pega-fogo-e-destroi-cozinha-quando-moradora-fazia-almoco","status":"publish","type":"post","link":"https:\/\/pinews.com.br\/index.php\/2023\/05\/22\/em-sao-juliao-botijao-pega-fogo-e-destroi-cozinha-quando-moradora-fazia-almoco\/","title":{"rendered":"Em S\u00e3o Juli\u00e3o, botij\u00e3o pega fogo e destr\u00f3i cozinha quando moradora fazia almo\u00e7o"},"content":{"rendered":"\n<p>A cozinha de uma resid\u00eancia nas proximidades do Est\u00e1dio O Otacil\u00e3o, em S\u00e3o Juli\u00e3o \u2013 PI, ficou parcialmente destru\u00edda ap\u00f3s um inc\u00eandio nesta segunda-feira, 22 de maio.<\/p>\n\n\n\n<p>Ainda n\u00e3o se sabe o que teria provocado o inc\u00eandio. O fogo teria come\u00e7ado no botij\u00e3o de g\u00e1s e acabou danificando quase que todo o c\u00f4modo da casa.<\/p>\n\n\n\n<figure class=\"wp-block-image size-full\"><img decoding=\"async\" src=\"https:\/\/pinews.com.br\/wp-content\/uploads\/2023\/05\/RRRRRRRRRRRRR.jpg\" alt=\"\" class=\"wp-image-46816\"\/><\/figure>\n\n\n\n<p>A moradora, conhecida por Irm\u00e3 F\u00e1tima, da Igreja Batista do Caminho, disse que apesar dos preju\u00edzos materiais, ningu\u00e9m saiu ferido.<\/p>\n\n\n\n<p>O estado da cozinha ficou de fazer d\u00f3. O fog\u00e3o foi destru\u00eddo pelas chamas. O arm\u00e1rio com uma s\u00e9rie de mantimentos, pratos, panelas e talheres tamb\u00e9m foi todo danificado.<\/p>\n\n\n\n<p>O calor das chamas tamb\u00e9m arrancou o revestimento da parede e parte do teto da casa.<\/p>\n\n\n\n<figure class=\"wp-block-image size-full\"><img decoding=\"async\" src=\"https:\/\/pinews.com.br\/wp-content\/uploads\/2023\/05\/RRRRRRRR.jpg\" alt=\"\" class=\"wp-image-46817\"\/><\/figure>\n\n\n\n<p><strong>Fonte: Portal \u00c9 Not\u00edcias <\/strong><\/p>\n","protected":false},"excerpt":{"rendered":"<p>A cozinha de uma resid\u00eancia nas proximidades do Est\u00e1dio O Otacil\u00e3o, em S\u00e3o Juli\u00e3o \u2013 PI, ficou parcialmente destru\u00edda ap\u00f3s um inc\u00eandio nesta segunda-feira, 22 de maio. Ainda n\u00e3o se sabe o que teria provocado o inc\u00eandio. O fogo teria come\u00e7ado no botij\u00e3o de g\u00e1s e acabou danificando quase que todo o c\u00f4modo da casa. [&hellip;]<\/p>\n","protected":false},"author":1,"featured_media":49099,"comment_status":"open","ping_status":"open","sticky":false,"template":"","format":"standard","meta":{"beyondwords_generate_audio":"","beyondwords_project_id":"","beyondwords_podcast_id":"","beyondwords_hash":"","beyondwords_error_message":"","beyondwords_disabled":"","publish_post_to_speechkit":"","speechkit_generate_audio":"","speechkit_project_id":"","speechkit_podcast_id":"","speechkit_hash":"","speechkit_error_message":"","speechkit_disabled":"","speechkit_access_key":"","speechkit_error":"","speechkit_info":"","speechkit_response":"","speechkit_retries":"","_speechkit_link":"","_speechkit_text":""},"categories":[124,51,500],"tags":[7056,7222,1814,546,46,7277,1675,499,9463,5340,8501,362],"jetpack_featured_media_url":"https:\/\/pinews.com.br\/wp-content\/uploads\/2023\/05\/RRRRRRRRRRRRR-1.jpg","_links":{"self":[{"href":"https:\/\/pinews.com.br\/index.php\/wp-json\/wp\/v2\/posts\/48230"}],"collection":[{"href":"https:\/\/pinews.com.br\/index.php\/wp-json\/wp\/v2\/posts"}],"about":[{"href":"https:\/\/pinews.com.br\/index.php\/wp-json\/wp\/v2\/types\/post"}],"author":[{"embeddable":true,"href":"https:\/\/pinews.com.br\/index.php\/wp-json\/wp\/v2\/users\/1"}],"replies":[{"embeddable":true,"href":"https:\/\/pinews.com.br\/index.php\/wp-json\/wp\/v2\/comments?post=48230"}],"version-history":[{"count":1,"href":"https:\/\/pinews.com.br\/index.php\/wp-json\/wp\/v2\/posts\/48230\/revisions"}],"predecessor-version":[{"id":49095,"href":"https:\/\/pinews.com.br\/index.php\/wp-json\/wp\/v2\/posts\/48230\/revisions\/49095"}],"wp:featuredmedia":[{"embeddable":true,"href":"https:\/\/pinews.com.br\/index.php\/wp-json\/wp\/v2\/media\/49099"}],"wp:attachment":[{"href":"https:\/\/pinews.com.br\/index.php\/wp-json\/wp\/v2\/media?parent=48230"}],"wp:term":[{"taxonomy":"category","embeddable":true,"href":"https:\/\/pinews.com.br\/index.php\/wp-json\/wp\/v2\/categories?post=48230"},{"taxonomy":"post_tag","embeddable":true,"href":"https:\/\/pinews.com.br\/index.php\/wp-json\/wp\/v2\/tags?post=48230"}],"curies":[{"name":"wp","href":"https:\/\/api.w.org\/{rel}","templated":true}]}}