{"id":48238,"date":"2023-05-23T16:14:37","date_gmt":"2023-05-23T19:14:37","guid":{"rendered":"https:\/\/pinews.com.br\/?p=46841"},"modified":"2023-05-23T16:14:37","modified_gmt":"2023-05-23T19:14:37","slug":"empresaria-e-presa-por-manter-afilhada-em-situacao-de-escravidao-por-15-anos-no-piaui","status":"publish","type":"post","link":"https:\/\/pinews.com.br\/index.php\/2023\/05\/23\/empresaria-e-presa-por-manter-afilhada-em-situacao-de-escravidao-por-15-anos-no-piaui\/","title":{"rendered":"Empres\u00e1ria \u00e9 presa por manter afilhada em situa\u00e7\u00e3o de escravid\u00e3o por 15 anos no Piau\u00ed"},"content":{"rendered":"\n<p>Uma empres\u00e1ria identificada como Danielly Medeiros foi presa, nesta ter\u00e7a-feira (23), suspeita de manter a prima e afilhada- atualmente com 27 anos- em c\u00e1rcere privado, sob tortura e em situa\u00e7\u00e3o de escravid\u00e3o, em uma resid\u00eancia no bairro Ilhotas, na zona Sul de Teresina. A investiga\u00e7\u00e3o teve in\u00edcio ap\u00f3s a v\u00edtima conhecer um rapaz e relatar o caso. O reencontro emocionante com a m\u00e3e ocorreu no 6\u00ba Distrito Policial, horas ap\u00f3s o resgate.&nbsp;<\/p>\n\n\n\n<p>&#8220;Nas poucas sa\u00eddas de casa, quando ela ia deixar a crian\u00e7a autista na escola, ela conheceu um rapaz. Ele tomou conhecimento do caso, procurou uma terceira pessoa que nos acionou. Fizemos um levantamento e constatamos os crimes, uma situa\u00e7\u00e3o de pen\u00faria e tristeza&#8221;, disse o delegado Odilo Sena, titular do 6\u00ba Distrito Policial.&nbsp;<\/p>\n\n\n\n<p>A v\u00edtima vivia encarcerada e em condi\u00e7\u00f5es degradantes desde os 12 anos de idade.&nbsp;<\/p>\n\n\n\n<p>\u201cEssa jovem, desde os 12 anos de idade, vivia em c\u00e1rcere privado, sendo obrigada a realizar todas as tarefas dom\u00e9sticas, onde a dona da casa a mantinha sob constantes amea\u00e7as, al\u00e9m das torturas f\u00edsicas e psicol\u00f3gicas. Passou 15 anos morando num inferno\u201d, relata o delegado.&nbsp;<\/p>\n\n\n\n<p>\u00c0 Pol\u00edcia Civil, a v\u00edtima contou que era proibida de frequentar a escola e que, praticamente, n\u00e3o tinha autoriza\u00e7\u00e3o para sair de casa. &#8220;Al\u00e9m dos trabalhos dom\u00e9sticos tamb\u00e9m era a respons\u00e1vel pelos cuidados de outra crian\u00e7a, filho da acusada, com autismo&#8221;, reitera Sena.<\/p>\n\n\n\n<p><strong>Veio para Teresina para melhorar de vida<\/strong><\/p>\n\n\n\n<p>A v\u00edtima \u00e9 natural da zona rural do munic\u00edpio de Chapadinha, no Maranh\u00e3o, onde residia com os pais. Ela veio para Teresina ainda crian\u00e7a com a promessa de uma vida melhor.&nbsp;<\/p>\n\n\n\n<p>\u201cOs pais da v\u00edtima s\u00e3o de baixa renda e possuem poucas instru\u00e7\u00f5es. A acusada, que \u00e9 prima de 2\u00ba grau da jovem, trouxe a jovem para capital e, posteriormente, passou esconder informa\u00e7\u00f5es sobre o paradeiro da mo\u00e7a\u201d, completou Odilo, acrescentando que a fam\u00edlia j\u00e1 havia tentado outros meios de resgatar a jovem sem sucesso.<\/p>\n\n\n\n<p>A suspeita ser\u00e1 indiciada por c\u00e1rcere privado, redu\u00e7\u00e3o \u00e0 condi\u00e7\u00e3o an\u00e1loga \u00e0 escravid\u00e3o, tortura f\u00edsica e psicol\u00f3gica.&nbsp;Al\u00e9m da esfera criminal, a empres\u00e1ria deve responder nas \u00e1reas c\u00edvel e trabalhista.&nbsp;<\/p>\n\n\n\n<p><strong>Caso perverso<\/strong><\/p>\n\n\n\n<p>O delegado Odilo Sena relata que se emociou com o caso que o classificou como uma &#8220;perversidade&#8221;.&nbsp;<\/p>\n\n\n\n<p>&#8220;Me emocionei algumas vezes. Essa menina tem 27 anos, mas \u00e9 praticamente uma crian\u00e7a. Ela \u00e9 muita sofrida, vem sofrendo h\u00e1 15 anos. Foi separada dos pais.  A presa \u00e9 prima da m\u00e3e dela e [consequentemente prima dela], al\u00e9m de madrinha. Ela veio para estudar, mas isso n\u00e3o aconteceu. Cuidou dos filhos da acusada como uma escrava, \u00e9 tanto que o filho autista da acusada a chama de m\u00e3e. Ela apanhava, era humilhada psicologicamente, era oprimida e vivia para servir&#8221;, desabafa o delegado. <\/p>\n\n\n\n<figure class=\"wp-block-embed is-type-video is-provider-youtube wp-block-embed-youtube wp-embed-aspect-16-9 wp-has-aspect-ratio\"><div class=\"wp-block-embed__wrapper\">\n<iframe loading=\"lazy\" title=\"Empres\u00e1ria \u00e9 presa por manter afilhada em situa\u00e7\u00e3o de escravid\u00e3o por 15 anos\" width=\"1170\" height=\"658\" src=\"https:\/\/www.youtube.com\/embed\/_GSR5SwTItU?feature=oembed\" frameborder=\"0\" allow=\"accelerometer; autoplay; clipboard-write; encrypted-media; gyroscope; picture-in-picture; web-share\" allowfullscreen><\/iframe>\n<\/div><\/figure>\n\n\n\n<p><strong>Fonte: Breno Moreno e Graciane Ara\u00fajo\/ Cidade Verde <\/strong><\/p>\n","protected":false},"excerpt":{"rendered":"<p>Uma empres\u00e1ria identificada como Danielly Medeiros foi presa, nesta ter\u00e7a-feira (23), suspeita de manter a prima e afilhada- atualmente com 27 anos- em c\u00e1rcere privado, sob tortura e em situa\u00e7\u00e3o de escravid\u00e3o, em uma resid\u00eancia no bairro Ilhotas, na zona Sul de Teresina. A investiga\u00e7\u00e3o teve in\u00edcio ap\u00f3s a v\u00edtima conhecer um rapaz e relatar [&hellip;]<\/p>\n","protected":false},"author":1,"featured_media":46842,"comment_status":"open","ping_status":"open","sticky":false,"template":"","format":"standard","meta":{"beyondwords_generate_audio":"","beyondwords_project_id":"","beyondwords_podcast_id":"","beyondwords_hash":"","beyondwords_error_message":"","beyondwords_disabled":"","publish_post_to_speechkit":"","speechkit_generate_audio":"","speechkit_project_id":"","speechkit_podcast_id":"","speechkit_hash":"","speechkit_error_message":"","speechkit_disabled":"","speechkit_access_key":"","speechkit_error":"","speechkit_info":"","speechkit_response":"","speechkit_retries":"","_speechkit_link":"","_speechkit_text":""},"categories":[51,78,81],"tags":[180,6685,82,44,72,46,6212,796,534,52,59,314,799],"jetpack_featured_media_url":"","_links":{"self":[{"href":"https:\/\/pinews.com.br\/index.php\/wp-json\/wp\/v2\/posts\/48238"}],"collection":[{"href":"https:\/\/pinews.com.br\/index.php\/wp-json\/wp\/v2\/posts"}],"about":[{"href":"https:\/\/pinews.com.br\/index.php\/wp-json\/wp\/v2\/types\/post"}],"author":[{"embeddable":true,"href":"https:\/\/pinews.com.br\/index.php\/wp-json\/wp\/v2\/users\/1"}],"replies":[{"embeddable":true,"href":"https:\/\/pinews.com.br\/index.php\/wp-json\/wp\/v2\/comments?post=48238"}],"version-history":[{"count":0,"href":"https:\/\/pinews.com.br\/index.php\/wp-json\/wp\/v2\/posts\/48238\/revisions"}],"wp:featuredmedia":[{"embeddable":true,"href":"https:\/\/pinews.com.br\/index.php\/wp-json\/"}],"wp:attachment":[{"href":"https:\/\/pinews.com.br\/index.php\/wp-json\/wp\/v2\/media?parent=48238"}],"wp:term":[{"taxonomy":"category","embeddable":true,"href":"https:\/\/pinews.com.br\/index.php\/wp-json\/wp\/v2\/categories?post=48238"},{"taxonomy":"post_tag","embeddable":true,"href":"https:\/\/pinews.com.br\/index.php\/wp-json\/wp\/v2\/tags?post=48238"}],"curies":[{"name":"wp","href":"https:\/\/api.w.org\/{rel}","templated":true}]}}