{"id":48242,"date":"2023-05-24T10:28:06","date_gmt":"2023-05-24T13:28:06","guid":{"rendered":"https:\/\/pinews.com.br\/?p=46859"},"modified":"2023-06-08T13:03:02","modified_gmt":"2023-06-08T16:03:02","slug":"em-sao-juliao-micro-ondas-explode-e-destroi-parte-de-cozinha-de-residencia","status":"publish","type":"post","link":"https:\/\/pinews.com.br\/index.php\/2023\/05\/24\/em-sao-juliao-micro-ondas-explode-e-destroi-parte-de-cozinha-de-residencia\/","title":{"rendered":"Em S\u00e3o Juli\u00e3o, micro-ondas explode e destr\u00f3i parte de cozinha de resid\u00eancia"},"content":{"rendered":"\n<p>Mais um acidente dom\u00e9stico foi registrado em S\u00e3o Juli\u00e3o \u2013 PI, munic\u00edpio localizado na regi\u00e3o de Picos. Um micro-ondas explodiu e destruiu parte da cozinha de uma fam\u00edlia residente no centro da cidade.<\/p>\n\n\n\n<p>Ainda n\u00e3o se sabe as causas do acidente. Segundo informa\u00e7\u00f5es repassadas ao Portal \u00c9 Not\u00edcias, um dos membros da fam\u00edlia teria ligado o aparelho para esquentar uma por\u00e7\u00e3o de arroz, quando teria ocorrido o curto-circuito.<\/p>\n\n\n\n<blockquote class=\"wp-block-quote\">\n<p>\u201cAo ligar o micro-ondas para esquentar o arroz, ele explodiu e queimou tudo, toda a fia\u00e7\u00e3o pegou fogo\u201d, disse a dona da casa.<\/p>\n<\/blockquote>\n\n\n\n<p>A resid\u00eancia pertence \u00e0 fam\u00edlia de um homem identificado por Ant\u00f4nio do Bruno. Em conversa com nossa reda\u00e7\u00e3o ele informou que apesar dos preju\u00edzos, ningu\u00e9m se feriu.<\/p>\n\n\n\n<p><strong>Outro acidente<\/strong><\/p>\n\n\n\n<p>Na \u00faltima segunda-feira, 22 de maio, a cozinha de uma resid\u00eancia nas proximidades do Est\u00e1dio O Otacil\u00e3o, em S\u00e3o Juli\u00e3o \u2013 PI, ficou parcialmente destru\u00edda ap\u00f3s um inc\u00eandio. O fogo teria come\u00e7ado no botij\u00e3o de g\u00e1s e acabou danificando quase que todo o c\u00f4modo da casa. A moradora, conhecida por Irm\u00e3 F\u00e1tima, da Igreja Batista do Caminho, disse que apesar dos preju\u00edzos materiais, ningu\u00e9m saiu ferido.<\/p>\n\n\n\n<p><strong>Fonte: Portal \u00c9 Not\u00edcias <\/strong><\/p>\n","protected":false},"excerpt":{"rendered":"<p>Mais um acidente dom\u00e9stico foi registrado em S\u00e3o Juli\u00e3o \u2013 PI, munic\u00edpio localizado na regi\u00e3o de Picos. Um micro-ondas explodiu e destruiu parte da cozinha de uma fam\u00edlia residente no centro da cidade. Ainda n\u00e3o se sabe as causas do acidente. Segundo informa\u00e7\u00f5es repassadas ao Portal \u00c9 Not\u00edcias, um dos membros da fam\u00edlia teria ligado [&hellip;]<\/p>\n","protected":false},"author":1,"featured_media":49092,"comment_status":"open","ping_status":"open","sticky":false,"template":"","format":"standard","meta":{"beyondwords_generate_audio":"","beyondwords_project_id":"","beyondwords_podcast_id":"","beyondwords_hash":"","beyondwords_error_message":"","beyondwords_disabled":"","publish_post_to_speechkit":"","speechkit_generate_audio":"","speechkit_project_id":"","speechkit_podcast_id":"","speechkit_hash":"","speechkit_error_message":"","speechkit_disabled":"","speechkit_access_key":"","speechkit_error":"","speechkit_info":"","speechkit_response":"","speechkit_retries":"","_speechkit_link":"","_speechkit_text":""},"categories":[124,51,500],"tags":[1814,44,546,46,1738,499,10758,6465,324,362],"jetpack_featured_media_url":"https:\/\/pinews.com.br\/wp-content\/uploads\/2023\/06\/befda4eb-a576-4c3d-9cf4-3a65ed13dca3.webp","_links":{"self":[{"href":"https:\/\/pinews.com.br\/index.php\/wp-json\/wp\/v2\/posts\/48242"}],"collection":[{"href":"https:\/\/pinews.com.br\/index.php\/wp-json\/wp\/v2\/posts"}],"about":[{"href":"https:\/\/pinews.com.br\/index.php\/wp-json\/wp\/v2\/types\/post"}],"author":[{"embeddable":true,"href":"https:\/\/pinews.com.br\/index.php\/wp-json\/wp\/v2\/users\/1"}],"replies":[{"embeddable":true,"href":"https:\/\/pinews.com.br\/index.php\/wp-json\/wp\/v2\/comments?post=48242"}],"version-history":[{"count":1,"href":"https:\/\/pinews.com.br\/index.php\/wp-json\/wp\/v2\/posts\/48242\/revisions"}],"predecessor-version":[{"id":49093,"href":"https:\/\/pinews.com.br\/index.php\/wp-json\/wp\/v2\/posts\/48242\/revisions\/49093"}],"wp:featuredmedia":[{"embeddable":true,"href":"https:\/\/pinews.com.br\/index.php\/wp-json\/wp\/v2\/media\/49092"}],"wp:attachment":[{"href":"https:\/\/pinews.com.br\/index.php\/wp-json\/wp\/v2\/media?parent=48242"}],"wp:term":[{"taxonomy":"category","embeddable":true,"href":"https:\/\/pinews.com.br\/index.php\/wp-json\/wp\/v2\/categories?post=48242"},{"taxonomy":"post_tag","embeddable":true,"href":"https:\/\/pinews.com.br\/index.php\/wp-json\/wp\/v2\/tags?post=48242"}],"curies":[{"name":"wp","href":"https:\/\/api.w.org\/{rel}","templated":true}]}}