{"id":48275,"date":"2023-05-30T11:50:47","date_gmt":"2023-05-30T14:50:47","guid":{"rendered":"https:\/\/pinews.com.br\/?p=46986"},"modified":"2023-06-03T22:41:49","modified_gmt":"2023-06-04T01:41:49","slug":"homem-natural-de-jaicos-e-encontrado-morto-dentro-de-cela-em-presidio-de-picos","status":"publish","type":"post","link":"https:\/\/pinews.com.br\/index.php\/2023\/05\/30\/homem-natural-de-jaicos-e-encontrado-morto-dentro-de-cela-em-presidio-de-picos\/","title":{"rendered":"Homem natural de Jaic\u00f3s \u00e9 encontrado morto dentro de cela em pres\u00eddio de Picos"},"content":{"rendered":"\n<p>Na manh\u00e3 desta ter\u00e7a-feira (30) um detento que cumpre pena na penitenci\u00e1ria Jos\u00e9 de Deus Barros, em Picos, foi encontrado morto. O homem \u00e9 natural de Jaic\u00f3s e sofria de problemas psicol\u00f3gicos com hist\u00f3rico de tentativas de suic\u00eddio.<\/p>\n\n\n\n<p>Segundo informa\u00e7\u00f5es, o detento foi encontrado sem vida por volta de 5h. O mesmo estava h\u00e1 dois dias numa cela para tratamento de sa\u00fade e havia expectativa que seria transferido.&nbsp;<\/p>\n\n\n\n<p>Diante do \u00f3bito, a Per\u00edcia Criminal foi acionada para atender a ocorr\u00eancia. O m\u00e9dico perito, Vinicius Gavioli, informou que a v\u00edtima n\u00e3o havia sinais de viol\u00eancia externa.<\/p>\n\n\n\n<p>&#8220;N\u00e3o haviam sinais de viol\u00eancia externa no corpo e vai ser encaminhado para o m\u00e9dico legista dizer a causa morte. H\u00e1 relatos de que a v\u00edtima tinha problemas psicol\u00f3gicos e tinha um hist\u00f3rico de tentativas de suic\u00eddio. No momento que cheguei o preso estava sozinho, numa cela destinada para tratamentos de sa\u00fade de presos&#8221;, informou o perito.<\/p>\n\n\n\n<p>O corpo ser\u00e1 encaminhado para o Insituto M\u00e9dico Legal para ado\u00e7\u00e3o dos procedimentos cab\u00edveis. A fam\u00edlia dever\u00e1 ser comunicada sobre o fato.<\/p>\n\n\n\n<p>A v\u00edtima que n\u00e3o teve a identidade revelada, \u00e9 branco e teria por volta de 40 anos.&nbsp;<\/p>\n\n\n\n<p><strong>Fonte: Paula Monize\/ Cidade Verde <\/strong><\/p>\n","protected":false},"excerpt":{"rendered":"<p>Na manh\u00e3 desta ter\u00e7a-feira (30) um detento que cumpre pena na penitenci\u00e1ria Jos\u00e9 de Deus Barros, em Picos, foi encontrado morto. O homem \u00e9 natural de Jaic\u00f3s e sofria de problemas psicol\u00f3gicos com hist\u00f3rico de tentativas de suic\u00eddio. Segundo informa\u00e7\u00f5es, o detento foi encontrado sem vida por volta de 5h. O mesmo estava h\u00e1 dois [&hellip;]<\/p>\n","protected":false},"author":1,"featured_media":48393,"comment_status":"open","ping_status":"open","sticky":false,"template":"","format":"standard","meta":{"beyondwords_generate_audio":"","beyondwords_project_id":"","beyondwords_podcast_id":"","beyondwords_hash":"","beyondwords_error_message":"","beyondwords_disabled":"","publish_post_to_speechkit":"","speechkit_generate_audio":"","speechkit_project_id":"","speechkit_podcast_id":"","speechkit_hash":"","speechkit_error_message":"","speechkit_disabled":"","speechkit_access_key":"","speechkit_error":"","speechkit_info":"","speechkit_response":"","speechkit_retries":"","_speechkit_link":"","_speechkit_text":""},"categories":[124,51,126,78],"tags":[1671,44,192,72,46,200,84,265,197,482,125,858],"jetpack_featured_media_url":"https:\/\/pinews.com.br\/wp-content\/uploads\/2023\/05\/551dff24bcea3c22edaf58b1744f8c24.jpeg","_links":{"self":[{"href":"https:\/\/pinews.com.br\/index.php\/wp-json\/wp\/v2\/posts\/48275"}],"collection":[{"href":"https:\/\/pinews.com.br\/index.php\/wp-json\/wp\/v2\/posts"}],"about":[{"href":"https:\/\/pinews.com.br\/index.php\/wp-json\/wp\/v2\/types\/post"}],"author":[{"embeddable":true,"href":"https:\/\/pinews.com.br\/index.php\/wp-json\/wp\/v2\/users\/1"}],"replies":[{"embeddable":true,"href":"https:\/\/pinews.com.br\/index.php\/wp-json\/wp\/v2\/comments?post=48275"}],"version-history":[{"count":1,"href":"https:\/\/pinews.com.br\/index.php\/wp-json\/wp\/v2\/posts\/48275\/revisions"}],"predecessor-version":[{"id":48565,"href":"https:\/\/pinews.com.br\/index.php\/wp-json\/wp\/v2\/posts\/48275\/revisions\/48565"}],"wp:featuredmedia":[{"embeddable":true,"href":"https:\/\/pinews.com.br\/index.php\/wp-json\/wp\/v2\/media\/48393"}],"wp:attachment":[{"href":"https:\/\/pinews.com.br\/index.php\/wp-json\/wp\/v2\/media?parent=48275"}],"wp:term":[{"taxonomy":"category","embeddable":true,"href":"https:\/\/pinews.com.br\/index.php\/wp-json\/wp\/v2\/categories?post=48275"},{"taxonomy":"post_tag","embeddable":true,"href":"https:\/\/pinews.com.br\/index.php\/wp-json\/wp\/v2\/tags?post=48275"}],"curies":[{"name":"wp","href":"https:\/\/api.w.org\/{rel}","templated":true}]}}