{"id":48284,"date":"2023-05-31T19:00:44","date_gmt":"2023-05-31T22:00:44","guid":{"rendered":"https:\/\/pinews.com.br\/?p=47013"},"modified":"2023-06-08T13:17:59","modified_gmt":"2023-06-08T16:17:59","slug":"no-piaui-creche-e-evacuada-apos-principio-de-incendio-na-rede-eletrica","status":"publish","type":"post","link":"https:\/\/pinews.com.br\/index.php\/2023\/05\/31\/no-piaui-creche-e-evacuada-apos-principio-de-incendio-na-rede-eletrica\/","title":{"rendered":"No Piau\u00ed, creche \u00e9 evacuada ap\u00f3s principio de inc\u00eandio na rede el\u00e9trica"},"content":{"rendered":"\n<p>O Centro Municipal de Educa\u00e7\u00e3o Infantil (CEMEI) Cintia Medeiros Oliveira, localizada no conjunto Manoel Evangelista, zona Sudeste de Teresina, precisou ser evacuada nesta quarta-feira (31) ap\u00f3s um princ\u00edpio de inc\u00eandio no quadro de distribui\u00e7\u00e3o de energia el\u00e9trica do pr\u00e9dio.<\/p>\n\n\n\n<p>O in\u00edcio das chamas foram percebidas por um sargento da Pol\u00edcia Militar (PM), que realizava a\u00e7\u00f5es do Programa Educacional de Resist\u00eancia \u00e0s Drogas e \u00e0 Viol\u00eancia (Proerd) no local. Ele ent\u00e3o acionou o Corpo de Bombeiros, que controlou toda a situa\u00e7\u00e3o.<br>&nbsp;<br>Segundo o capit\u00e3o Ant\u00f4nio Carmos, comandante do Companhia Independente de Policiamento Escolar (CIPE), a evacua\u00e7\u00e3o dos alunos contou com aux\u00edlio dos funcion\u00e1rios da creche e da comunidade, como preconiza o protocolo para esse tipo de situa\u00e7\u00e3o.&nbsp;<\/p>\n\n\n\n<p>\u201cOs agentes e toda comunidade ali foram orientados a levarem as crian\u00e7as para fora. Os pais foram informados sem qualquer p\u00e2nico, os pais foram buscar. Um trabalho digno de louvor. O trabalho da Pol\u00edcia Militar junto a comunidade \u00e9 essencial\u201d, destacou o militar.&nbsp;<\/p>\n\n\n\n<p>Apesar do susto, n\u00e3o houve registro de pessoas feridas. Por conta do problema, a Secretaria Municipal de Educa\u00e7\u00e3o (Semec) suspendeu as atividades escolares da creche desta quarta-feira (31) para que fossem realizados os servi\u00e7os de reparo e substitui\u00e7\u00e3o do medidor.&nbsp;<\/p>\n\n\n\n<p><br><strong>Fonte: Breno Moreno\/ Cidade Verde\/ Com informa\u00e7\u00f5es da PM<\/strong><\/p>\n","protected":false},"excerpt":{"rendered":"<p>O Centro Municipal de Educa\u00e7\u00e3o Infantil (CEMEI) Cintia Medeiros Oliveira, localizada no conjunto Manoel Evangelista, zona Sudeste de Teresina, precisou ser evacuada nesta quarta-feira (31) ap\u00f3s um princ\u00edpio de inc\u00eandio no quadro de distribui\u00e7\u00e3o de energia el\u00e9trica do pr\u00e9dio. O in\u00edcio das chamas foram percebidas por um sargento da Pol\u00edcia Militar (PM), que realizava a\u00e7\u00f5es [&hellip;]<\/p>\n","protected":false},"author":1,"featured_media":48402,"comment_status":"open","ping_status":"open","sticky":false,"template":"","format":"standard","meta":{"beyondwords_generate_audio":"","beyondwords_project_id":"","beyondwords_podcast_id":"","beyondwords_hash":"","beyondwords_error_message":"","beyondwords_disabled":"","publish_post_to_speechkit":"","speechkit_generate_audio":"","speechkit_project_id":"","speechkit_podcast_id":"","speechkit_hash":"","speechkit_error_message":"","speechkit_disabled":"","speechkit_access_key":"","speechkit_error":"","speechkit_info":"","speechkit_response":"","speechkit_retries":"","_speechkit_link":"","_speechkit_text":""},"categories":[51,81],"tags":[70,8084,44,72,565,11508,547,91,52,8338,985],"jetpack_featured_media_url":"https:\/\/pinews.com.br\/wp-content\/uploads\/2023\/05\/8c7595a3a89e858344d3377484cbd103.jpg","_links":{"self":[{"href":"https:\/\/pinews.com.br\/index.php\/wp-json\/wp\/v2\/posts\/48284"}],"collection":[{"href":"https:\/\/pinews.com.br\/index.php\/wp-json\/wp\/v2\/posts"}],"about":[{"href":"https:\/\/pinews.com.br\/index.php\/wp-json\/wp\/v2\/types\/post"}],"author":[{"embeddable":true,"href":"https:\/\/pinews.com.br\/index.php\/wp-json\/wp\/v2\/users\/1"}],"replies":[{"embeddable":true,"href":"https:\/\/pinews.com.br\/index.php\/wp-json\/wp\/v2\/comments?post=48284"}],"version-history":[{"count":1,"href":"https:\/\/pinews.com.br\/index.php\/wp-json\/wp\/v2\/posts\/48284\/revisions"}],"predecessor-version":[{"id":48409,"href":"https:\/\/pinews.com.br\/index.php\/wp-json\/wp\/v2\/posts\/48284\/revisions\/48409"}],"wp:featuredmedia":[{"embeddable":true,"href":"https:\/\/pinews.com.br\/index.php\/wp-json\/wp\/v2\/media\/48402"}],"wp:attachment":[{"href":"https:\/\/pinews.com.br\/index.php\/wp-json\/wp\/v2\/media?parent=48284"}],"wp:term":[{"taxonomy":"category","embeddable":true,"href":"https:\/\/pinews.com.br\/index.php\/wp-json\/wp\/v2\/categories?post=48284"},{"taxonomy":"post_tag","embeddable":true,"href":"https:\/\/pinews.com.br\/index.php\/wp-json\/wp\/v2\/tags?post=48284"}],"curies":[{"name":"wp","href":"https:\/\/api.w.org\/{rel}","templated":true}]}}