{"id":50026,"date":"2023-06-17T11:10:26","date_gmt":"2023-06-17T14:10:26","guid":{"rendered":"https:\/\/pinews.com.br\/?p=50026"},"modified":"2023-06-17T11:10:28","modified_gmt":"2023-06-17T14:10:28","slug":"radares-de-velocidade-voltam-a-ser-instalados-na-proxima-semana-nas-rodovias-do-piaui","status":"publish","type":"post","link":"https:\/\/pinews.com.br\/index.php\/2023\/06\/17\/radares-de-velocidade-voltam-a-ser-instalados-na-proxima-semana-nas-rodovias-do-piaui\/","title":{"rendered":"Radares de velocidade voltam a ser instalados na pr\u00f3xima semana nas rodovias do Piau\u00ed"},"content":{"rendered":"\n<p>Os radares de velocidade de todo o Piau\u00ed come\u00e7am a ser\u00a0reinstalados na pr\u00f3xima semana\u00a0nas rodovias federais. A informa\u00e7\u00e3o \u00e9 do superintendente Regional do Departamento Nacional de Infraestrutura de Transportes (Dnit), Jos\u00e9 Ribamar Bastos.\u00a0<\/p>\n\n\n\n<p>A licita\u00e7\u00e3o foi realizada em \u00e2mbito nacional e definiu a empresa vencedora. Os estados do Piau\u00ed e Cear\u00e1 integram o mesmo lote.&nbsp;<\/p>\n\n\n\n<p>&#8220;A instala\u00e7\u00e3o vai come\u00e7ar pela Avenida Jo\u00e3o XXIII, j\u00e1 na pr\u00f3xima semana a empresa vencedora da licita\u00e7\u00e3o, realizada em n\u00edvel nacional, come\u00e7a a instala\u00e7\u00e3o. Teremos equipamentos mais novos e mais modernos para realizar esse trabalho de fiscaliza\u00e7\u00e3o&#8221;, disse Ribamar Bastos.&nbsp;<\/p>\n\n\n\n<p>Em todo o Piau\u00ed ser\u00e3o instalados 62 equipamentos. &#8220;N\u00e3o houve aumento ou redu\u00e7\u00e3o no n\u00famero de aparelhos. Ser\u00e3o reinstalados os mesmo 62 aparelhos retirados ap\u00f3s o fim do contrato com a empresa anterior&#8221;, explicou o superintendente regional do DNIT.&nbsp;<\/p>\n\n\n\n<p>No come\u00e7o de maio, os radares eletr\u00f4nicos de velocidade instalados na Avenida Jo\u00e3o XXIII, na zona Leste de Teresina,\u00a0foram cobertos com sacos pl\u00e1sticos. O problema foi resolvido e os radares voltaram a operar. Na segunda quinzena de maio, os radares foram removidos. As rodovias federais que cortam o Piau\u00ed est\u00e3o h\u00e1 um m\u00eas sem a fiscaliza\u00e7\u00e3o de velocidade realizada pelos equipamentos.\u00a0<\/p>\n\n\n\n<p><br><strong>Fonte: Adriana Magalh\u00e3es\/ Cidade Verde <\/strong><\/p>\n","protected":false},"excerpt":{"rendered":"<p>Os radares de velocidade de todo o Piau\u00ed come\u00e7am a ser\u00a0reinstalados na pr\u00f3xima semana\u00a0nas rodovias federais. A informa\u00e7\u00e3o \u00e9 do superintendente Regional do Departamento Nacional de Infraestrutura de Transportes (Dnit), Jos\u00e9 Ribamar Bastos.\u00a0 A licita\u00e7\u00e3o foi realizada em \u00e2mbito nacional e definiu a empresa vencedora. Os estados do Piau\u00ed e Cear\u00e1 integram o mesmo lote.&nbsp; [&hellip;]<\/p>\n","protected":false},"author":1,"featured_media":50027,"comment_status":"open","ping_status":"open","sticky":false,"template":"","format":"standard","meta":{"beyondwords_generate_audio":"","beyondwords_project_id":"","beyondwords_podcast_id":"","beyondwords_hash":"","beyondwords_error_message":"","beyondwords_disabled":"","publish_post_to_speechkit":"","speechkit_generate_audio":"","speechkit_project_id":"","speechkit_podcast_id":"","speechkit_hash":"","speechkit_error_message":"","speechkit_disabled":"","speechkit_access_key":"","speechkit_error":"","speechkit_info":"","speechkit_response":"","speechkit_retries":"","_speechkit_link":"","_speechkit_text":""},"categories":[51],"tags":[44,11546,91,826,52,5862,11391,5496,5863,139,5769,8458],"jetpack_featured_media_url":"https:\/\/pinews.com.br\/wp-content\/uploads\/2023\/06\/97424ceb2c775aca63cf9f1e7568a1bd.jpg","_links":{"self":[{"href":"https:\/\/pinews.com.br\/index.php\/wp-json\/wp\/v2\/posts\/50026"}],"collection":[{"href":"https:\/\/pinews.com.br\/index.php\/wp-json\/wp\/v2\/posts"}],"about":[{"href":"https:\/\/pinews.com.br\/index.php\/wp-json\/wp\/v2\/types\/post"}],"author":[{"embeddable":true,"href":"https:\/\/pinews.com.br\/index.php\/wp-json\/wp\/v2\/users\/1"}],"replies":[{"embeddable":true,"href":"https:\/\/pinews.com.br\/index.php\/wp-json\/wp\/v2\/comments?post=50026"}],"version-history":[{"count":1,"href":"https:\/\/pinews.com.br\/index.php\/wp-json\/wp\/v2\/posts\/50026\/revisions"}],"predecessor-version":[{"id":50028,"href":"https:\/\/pinews.com.br\/index.php\/wp-json\/wp\/v2\/posts\/50026\/revisions\/50028"}],"wp:featuredmedia":[{"embeddable":true,"href":"https:\/\/pinews.com.br\/index.php\/wp-json\/wp\/v2\/media\/50027"}],"wp:attachment":[{"href":"https:\/\/pinews.com.br\/index.php\/wp-json\/wp\/v2\/media?parent=50026"}],"wp:term":[{"taxonomy":"category","embeddable":true,"href":"https:\/\/pinews.com.br\/index.php\/wp-json\/wp\/v2\/categories?post=50026"},{"taxonomy":"post_tag","embeddable":true,"href":"https:\/\/pinews.com.br\/index.php\/wp-json\/wp\/v2\/tags?post=50026"}],"curies":[{"name":"wp","href":"https:\/\/api.w.org\/{rel}","templated":true}]}}