{"id":50092,"date":"2023-06-19T11:24:11","date_gmt":"2023-06-19T14:24:11","guid":{"rendered":"https:\/\/pinews.com.br\/?p=50092"},"modified":"2023-06-19T11:24:13","modified_gmt":"2023-06-19T14:24:13","slug":"motorista-fica-ferido-apos-picape-capotar-na-br-407-em-paulistana","status":"publish","type":"post","link":"https:\/\/pinews.com.br\/index.php\/2023\/06\/19\/motorista-fica-ferido-apos-picape-capotar-na-br-407-em-paulistana\/","title":{"rendered":"Motorista fica ferido ap\u00f3s picape capotar na BR-407 em Paulistana"},"content":{"rendered":"\n<p>Um motorista de 30 anos ficou ferido ap\u00f3s o ve\u00edculo em que ele estava conduzindo capotar na BR-407, no munic\u00edpio de Paulistana, neste domingo (18).<\/p>\n\n\n\n<p>De acordo com a Pol\u00edcia Rodovi\u00e1ria Federal (PRF), o homem sofreu les\u00f5es leves e foi socorrido por um caminhoneiro e encaminhado ao Hospital de Paulistana.<\/p>\n\n\n\n<p>A PRF acrescentou ainda que a din\u00e2mica e as causas presum\u00edveis do acidente ainda est\u00e3o em levantamento.<\/p>\n\n\n\n<p>J\u00e1 o ve\u00edculo, uma picape, estava carregada com alguns materiais. Ap\u00f3s o acidente, parte dos objetos ocuparam um trecho do acostamento.<\/p>\n\n\n\n<p>A Pol\u00edcia Militar de Paulistana tamb\u00e9m foi acionada ao local.<\/p>\n\n\n\n<p><strong>Fonte: Rebeca Lima\/ Cidade Verde <\/strong><\/p>\n","protected":false},"excerpt":{"rendered":"<p>Um motorista de 30 anos ficou ferido ap\u00f3s o ve\u00edculo em que ele estava conduzindo capotar na BR-407, no munic\u00edpio de Paulistana, neste domingo (18). De acordo com a Pol\u00edcia Rodovi\u00e1ria Federal (PRF), o homem sofreu les\u00f5es leves e foi socorrido por um caminhoneiro e encaminhado ao Hospital de Paulistana. A PRF acrescentou ainda que [&hellip;]<\/p>\n","protected":false},"author":1,"featured_media":50093,"comment_status":"open","ping_status":"open","sticky":false,"template":"","format":"standard","meta":{"beyondwords_generate_audio":"","beyondwords_project_id":"","beyondwords_podcast_id":"","beyondwords_hash":"","beyondwords_error_message":"","beyondwords_disabled":"","publish_post_to_speechkit":"","speechkit_generate_audio":"","speechkit_project_id":"","speechkit_podcast_id":"","speechkit_hash":"","speechkit_error_message":"","speechkit_disabled":"","speechkit_access_key":"","speechkit_error":"","speechkit_info":"","speechkit_response":"","speechkit_retries":"","_speechkit_link":"","_speechkit_text":""},"categories":[1479,51],"tags":[70,6383,939,46,295,160,58,91,276,1965],"jetpack_featured_media_url":"https:\/\/pinews.com.br\/wp-content\/uploads\/2023\/06\/IMG_20230619_112152.jpg","_links":{"self":[{"href":"https:\/\/pinews.com.br\/index.php\/wp-json\/wp\/v2\/posts\/50092"}],"collection":[{"href":"https:\/\/pinews.com.br\/index.php\/wp-json\/wp\/v2\/posts"}],"about":[{"href":"https:\/\/pinews.com.br\/index.php\/wp-json\/wp\/v2\/types\/post"}],"author":[{"embeddable":true,"href":"https:\/\/pinews.com.br\/index.php\/wp-json\/wp\/v2\/users\/1"}],"replies":[{"embeddable":true,"href":"https:\/\/pinews.com.br\/index.php\/wp-json\/wp\/v2\/comments?post=50092"}],"version-history":[{"count":1,"href":"https:\/\/pinews.com.br\/index.php\/wp-json\/wp\/v2\/posts\/50092\/revisions"}],"predecessor-version":[{"id":50094,"href":"https:\/\/pinews.com.br\/index.php\/wp-json\/wp\/v2\/posts\/50092\/revisions\/50094"}],"wp:featuredmedia":[{"embeddable":true,"href":"https:\/\/pinews.com.br\/index.php\/wp-json\/wp\/v2\/media\/50093"}],"wp:attachment":[{"href":"https:\/\/pinews.com.br\/index.php\/wp-json\/wp\/v2\/media?parent=50092"}],"wp:term":[{"taxonomy":"category","embeddable":true,"href":"https:\/\/pinews.com.br\/index.php\/wp-json\/wp\/v2\/categories?post=50092"},{"taxonomy":"post_tag","embeddable":true,"href":"https:\/\/pinews.com.br\/index.php\/wp-json\/wp\/v2\/tags?post=50092"}],"curies":[{"name":"wp","href":"https:\/\/api.w.org\/{rel}","templated":true}]}}