{"id":50107,"date":"2023-06-19T21:04:43","date_gmt":"2023-06-20T00:04:43","guid":{"rendered":"https:\/\/pinews.com.br\/?p=50107"},"modified":"2023-06-19T21:04:45","modified_gmt":"2023-06-20T00:04:45","slug":"mototaxista-morre-esmagado-por-carreta-proximo-a-ponte-metalica-que-liga-teresina-a-timon-ma","status":"publish","type":"post","link":"https:\/\/pinews.com.br\/index.php\/2023\/06\/19\/mototaxista-morre-esmagado-por-carreta-proximo-a-ponte-metalica-que-liga-teresina-a-timon-ma\/","title":{"rendered":"Mototaxista morre esmagado por carreta pr\u00f3ximo \u00e0 Ponte Met\u00e1lica, que liga Teresina a Timon (MA)"},"content":{"rendered":"\n<p>Um mototaxista identificado como Jos\u00e9 do Carmo da Rocha morreu ap\u00f3s ser esmagado por uma carreta durante um acidente de tr\u00e2nsito na tarde desta segunda-feira (19), nas proximidades da Ponte Met\u00e1lica, que liga os munic\u00edpios de Teresina e Timon (MA).<\/p>\n\n\n\n<p>Na motocicleta estavam Jos\u00e9 do Carmo e uma passageira, que ficou gravemente ferida. Ela foi encaminhada para um hospital da regi\u00e3o.<\/p>\n\n\n\n<p>Ap\u00f3s o acidente, o motorista da carreta fugiu do local. Momentos depois, ele foi localizado e conduzido \u00e0 Central de Flagrantes de\u00a0Timon.<\/p>\n\n\n\n<figure class=\"wp-block-image\"><img decoding=\"async\" src=\"https:\/\/s2-g1.glbimg.com\/gNEy2MyTZtb3dSDtkayDIhCm1Iw=\/0x0:1600x1200\/984x0\/smart\/filters:strip_icc()\/i.s3.glbimg.com\/v1\/AUTH_59edd422c0c84a879bd37670ae4f538a\/internal_photos\/bs\/2023\/y\/x\/FsuEgBSH2KgSh2DxSOyA\/acidente-2.jpg\" alt=\"Mototaxista morre esmagado por caminh\u00e3o pr\u00f3ximo \u00e0 Ponte Met\u00e1lica \u2014 Foto: Eric Souza\/ Rede Clube\"\/><figcaption class=\"wp-element-caption\">Mototaxista morre esmagado por caminh\u00e3o pr\u00f3ximo \u00e0 Ponte Met\u00e1lica \u2014 Foto: Eric Souza\/ Rede Clube<\/figcaption><\/figure>\n\n\n\n<p>Ainda n\u00e3o h\u00e1 informa\u00e7\u00f5es sobre a din\u00e2mica da colis\u00e3o.&nbsp;A Pol\u00edcia Civil deve investigar o caso.<\/p>\n\n\n\n<p>O Corpo de Bombeiros foi acionado para retirar os ve\u00edculos do local. O tr\u00e2nsito deve ser normalizado nas pr\u00f3ximas horas.<\/p>\n\n\n\n<figure class=\"wp-block-image\"><img decoding=\"async\" src=\"https:\/\/s2-g1.glbimg.com\/yX2RuTjIx0RqjvdJrhfwYJXwIn8=\/0x0:1600x1200\/984x0\/smart\/filters:strip_icc()\/i.s3.glbimg.com\/v1\/AUTH_59edd422c0c84a879bd37670ae4f538a\/internal_photos\/bs\/2023\/q\/1\/M3kpVETRCdSeLgHRqusw\/whatsapp-image-2023-06-19-at-15.42.48.jpeg\" alt=\"Acidente causou congestionamento na Avenida Piau\u00ed, em Timon (MA) \u2014 Foto: Eric Souza \/Rede Clube\"\/><figcaption class=\"wp-element-caption\">Acidente causou congestionamento na Avenida Piau\u00ed, em Timon (MA) \u2014 Foto: Eric Souza \/Rede Clube<\/figcaption><\/figure>\n\n\n\n<p><strong>Fonte: G1 PI <\/strong><\/p>\n","protected":false},"excerpt":{"rendered":"<p>Um mototaxista identificado como Jos\u00e9 do Carmo da Rocha morreu ap\u00f3s ser esmagado por uma carreta durante um acidente de tr\u00e2nsito na tarde desta segunda-feira (19), nas proximidades da Ponte Met\u00e1lica, que liga os munic\u00edpios de Teresina e Timon (MA). Na motocicleta estavam Jos\u00e9 do Carmo e uma passageira, que ficou gravemente ferida. Ela foi [&hellip;]<\/p>\n","protected":false},"author":1,"featured_media":50108,"comment_status":"open","ping_status":"open","sticky":false,"template":"","format":"standard","meta":{"beyondwords_generate_audio":"","beyondwords_project_id":"","beyondwords_podcast_id":"","beyondwords_hash":"","beyondwords_error_message":"","beyondwords_disabled":"","publish_post_to_speechkit":"","speechkit_generate_audio":"","speechkit_project_id":"","speechkit_podcast_id":"","speechkit_hash":"","speechkit_error_message":"","speechkit_disabled":"","speechkit_access_key":"","speechkit_error":"","speechkit_info":"","speechkit_response":"","speechkit_retries":"","_speechkit_link":"","_speechkit_text":""},"categories":[51,81],"tags":[794,448,7211,9176,464,11553,119,1780,865,59,127,187,2127],"jetpack_featured_media_url":"https:\/\/pinews.com.br\/wp-content\/uploads\/2023\/06\/whatsapp-image-2023-06-19-at-15.40.37.jpeg","_links":{"self":[{"href":"https:\/\/pinews.com.br\/index.php\/wp-json\/wp\/v2\/posts\/50107"}],"collection":[{"href":"https:\/\/pinews.com.br\/index.php\/wp-json\/wp\/v2\/posts"}],"about":[{"href":"https:\/\/pinews.com.br\/index.php\/wp-json\/wp\/v2\/types\/post"}],"author":[{"embeddable":true,"href":"https:\/\/pinews.com.br\/index.php\/wp-json\/wp\/v2\/users\/1"}],"replies":[{"embeddable":true,"href":"https:\/\/pinews.com.br\/index.php\/wp-json\/wp\/v2\/comments?post=50107"}],"version-history":[{"count":1,"href":"https:\/\/pinews.com.br\/index.php\/wp-json\/wp\/v2\/posts\/50107\/revisions"}],"predecessor-version":[{"id":50109,"href":"https:\/\/pinews.com.br\/index.php\/wp-json\/wp\/v2\/posts\/50107\/revisions\/50109"}],"wp:featuredmedia":[{"embeddable":true,"href":"https:\/\/pinews.com.br\/index.php\/wp-json\/wp\/v2\/media\/50108"}],"wp:attachment":[{"href":"https:\/\/pinews.com.br\/index.php\/wp-json\/wp\/v2\/media?parent=50107"}],"wp:term":[{"taxonomy":"category","embeddable":true,"href":"https:\/\/pinews.com.br\/index.php\/wp-json\/wp\/v2\/categories?post=50107"},{"taxonomy":"post_tag","embeddable":true,"href":"https:\/\/pinews.com.br\/index.php\/wp-json\/wp\/v2\/tags?post=50107"}],"curies":[{"name":"wp","href":"https:\/\/api.w.org\/{rel}","templated":true}]}}