{"id":50122,"date":"2023-06-20T17:18:53","date_gmt":"2023-06-20T20:18:53","guid":{"rendered":"https:\/\/pinews.com.br\/?p=50122"},"modified":"2023-06-20T17:18:56","modified_gmt":"2023-06-20T20:18:56","slug":"ciclista-invade-contramao-e-colide-frontalmente-com-caminhao-no-piaui","status":"publish","type":"post","link":"https:\/\/pinews.com.br\/index.php\/2023\/06\/20\/ciclista-invade-contramao-e-colide-frontalmente-com-caminhao-no-piaui\/","title":{"rendered":"Ciclista invade contram\u00e3o e colide frontalmente com caminh\u00e3o no Piau\u00ed"},"content":{"rendered":"\n<p>Uma colis\u00e3o entre dois ve\u00edculos deixou uma pessoa gravemente ferida na madrugada desta ter\u00e7a-feira (20) na BR- 316, na cidade de Floriano. Segundo informa\u00e7\u00f5es da Pol\u00edcia Rodovi\u00e1ria Federal (PRF), um caminh\u00e3o modelo VW\/24.280 seguia o fluxo da rodovia quando uma bicicleta invadiu a faixa contr\u00e1ria e colidiu frontalmente com o ve\u00edculo.<\/p>\n\n\n\n<p>De acordo com as autoridades,\u00a0tr\u00eas pessoas se envolveram no acidente, no caminh\u00e3o havia dois homens, um de 40 e outro de 37 anos.\u00a0Ambos sa\u00edram ilesos do impacto. O condutor da bicicleta, um homem de 33 anos, ficou gravemente ferido ap\u00f3s o acidente e foi levado por uma unidade do\u00a0Servi\u00e7o de Atendimento M\u00f3vel de Urg\u00eancia\u00a0(SAMU) para o\u00a0Hospital Tib\u00e9rio Nunes\u00a0em Floriano.<\/p>\n\n\n\n<p><img decoding=\"async\" alt=\"Ciclista invade contram\u00e3o e colide de frente com caminh\u00e3o no PI \/ Foto - Reprodu\u00e7\u00e3o.\" src=\"https:\/\/www.meionorte.com\/uploads\/imagens\/2023\/6\/20\/ciclista-invade-contramao-e-colide-de-frente-com-caminhao-em-floriano-no-pi-9a0327a5-a693-41e7-85a7-b07cece22e08.jpg\">Ciclista invade contram\u00e3o e colide de frente com caminh\u00e3o no PI \/ Foto &#8211; Reprodu\u00e7\u00e3o.<\/p>\n\n\n\n<p>Ainda segundo a\u00a0PRF,\u00a0a din\u00e2mica do acidente deu-se quando o caminh\u00e3o trafegava vindo da cidade de\u00a0Jerumenha\u00a0para Floriano quando o condutor da bicicleta, que\u00a0vinha na contram\u00e3o de dire\u00e7\u00e3o, invadiu a faixa de rolamento fazendo com que o motorista n\u00e3o conseguisse parar a tempo para evitar a colis\u00e3o.\u00a0<\/p>\n\n\n\n<p><strong>Fonte: Meio Norte <\/strong><\/p>\n","protected":false},"excerpt":{"rendered":"<p>Uma colis\u00e3o entre dois ve\u00edculos deixou uma pessoa gravemente ferida na madrugada desta ter\u00e7a-feira (20) na BR- 316, na cidade de Floriano. Segundo informa\u00e7\u00f5es da Pol\u00edcia Rodovi\u00e1ria Federal (PRF), um caminh\u00e3o modelo VW\/24.280 seguia o fluxo da rodovia quando uma bicicleta invadiu a faixa contr\u00e1ria e colidiu frontalmente com o ve\u00edculo. De acordo com as [&hellip;]<\/p>\n","protected":false},"author":4,"featured_media":50123,"comment_status":"open","ping_status":"open","sticky":false,"template":"","format":"standard","meta":{"beyondwords_generate_audio":"","beyondwords_project_id":"","beyondwords_podcast_id":"","beyondwords_hash":"","beyondwords_error_message":"","beyondwords_disabled":"","publish_post_to_speechkit":"","speechkit_generate_audio":"","speechkit_project_id":"","speechkit_podcast_id":"","speechkit_hash":"","speechkit_error_message":"","speechkit_disabled":"","speechkit_access_key":"","speechkit_error":"","speechkit_info":"","speechkit_response":"","speechkit_retries":"","_speechkit_link":"","_speechkit_text":""},"categories":[51],"tags":[188,299,701,1967,9143,154,52],"jetpack_featured_media_url":"https:\/\/pinews.com.br\/wp-content\/uploads\/2023\/06\/ciclista-invade-contramao-e-colide-de-frente-com-caminhao-em-floriano-no-pi-ec4924a3-2d4c-432a-aca8-4aa3cf0aa121.webp","_links":{"self":[{"href":"https:\/\/pinews.com.br\/index.php\/wp-json\/wp\/v2\/posts\/50122"}],"collection":[{"href":"https:\/\/pinews.com.br\/index.php\/wp-json\/wp\/v2\/posts"}],"about":[{"href":"https:\/\/pinews.com.br\/index.php\/wp-json\/wp\/v2\/types\/post"}],"author":[{"embeddable":true,"href":"https:\/\/pinews.com.br\/index.php\/wp-json\/wp\/v2\/users\/4"}],"replies":[{"embeddable":true,"href":"https:\/\/pinews.com.br\/index.php\/wp-json\/wp\/v2\/comments?post=50122"}],"version-history":[{"count":1,"href":"https:\/\/pinews.com.br\/index.php\/wp-json\/wp\/v2\/posts\/50122\/revisions"}],"predecessor-version":[{"id":50124,"href":"https:\/\/pinews.com.br\/index.php\/wp-json\/wp\/v2\/posts\/50122\/revisions\/50124"}],"wp:featuredmedia":[{"embeddable":true,"href":"https:\/\/pinews.com.br\/index.php\/wp-json\/wp\/v2\/media\/50123"}],"wp:attachment":[{"href":"https:\/\/pinews.com.br\/index.php\/wp-json\/wp\/v2\/media?parent=50122"}],"wp:term":[{"taxonomy":"category","embeddable":true,"href":"https:\/\/pinews.com.br\/index.php\/wp-json\/wp\/v2\/categories?post=50122"},{"taxonomy":"post_tag","embeddable":true,"href":"https:\/\/pinews.com.br\/index.php\/wp-json\/wp\/v2\/tags?post=50122"}],"curies":[{"name":"wp","href":"https:\/\/api.w.org\/{rel}","templated":true}]}}