{"id":50136,"date":"2023-06-20T20:36:07","date_gmt":"2023-06-20T23:36:07","guid":{"rendered":"https:\/\/pinews.com.br\/?p=50136"},"modified":"2023-06-20T20:36:09","modified_gmt":"2023-06-20T23:36:09","slug":"aneel-autoriza-funcionamento-de-mais-oito-usinas-eolicas-no-piaui","status":"publish","type":"post","link":"https:\/\/pinews.com.br\/index.php\/2023\/06\/20\/aneel-autoriza-funcionamento-de-mais-oito-usinas-eolicas-no-piaui\/","title":{"rendered":"Aneel autoriza funcionamento de mais oito usinas e\u00f3licas no Piau\u00ed"},"content":{"rendered":"\n<p>A Ag\u00eancia Nacional de Energia El\u00e9trica (Aneel) autorizou o funcionamento de mais oito usinas e\u00f3licas em\u00a0Dom Inoc\u00eancio. As portarias foram publicadas no Di\u00e1rio Oficial da Uni\u00e3o (DOU) dessa segunda-feira (19).<\/p>\n\n\n\n<p>Foram autorizadas usinas para a empresa Oitis Energia Renov\u00e1vel. Cada uma das usinas tem capacidade de gerar 5.500 KW.<\/p>\n\n\n\n<p>Na semana passada, a Aneel tinha autorizado o funcionamento de outra usina de energia e\u00f3lica tamb\u00e9m em\u00a0Dom Inoc\u00eancio, mas para a empresa Enel Green Power Ventos de S\u00e3o Roque, com capacidade de gerar 5.700 KW. Em maio, a ag\u00eancia havia liberado 12 novas usinas.<\/p>\n\n\n\n<p>O munic\u00edpio de\u00a0Dom Inoc\u00eancio\u00a0\u00e9 conhecido por ter o\u00a0maior parque de energia e\u00f3lica em opera\u00e7\u00e3o da Am\u00e9rica Latina.<\/p>\n\n\n\n<p>O Piau\u00ed \u00e9 o segundo estado com maior crescimento na gera\u00e7\u00e3o de energias renov\u00e1veis no pa\u00eds. Entre 2021 e 2022, o estado teve um crescimento de 25,7%, perdendo apenas para Minas Gerais, que teve um crescimento de 26,9% na gera\u00e7\u00e3o de energias limpas.<\/p>\n\n\n\n<p><strong>Fonte: G1 PI <\/strong><\/p>\n","protected":false},"excerpt":{"rendered":"<p>A Ag\u00eancia Nacional de Energia El\u00e9trica (Aneel) autorizou o funcionamento de mais oito usinas e\u00f3licas em\u00a0Dom Inoc\u00eancio. As portarias foram publicadas no Di\u00e1rio Oficial da Uni\u00e3o (DOU) dessa segunda-feira (19). Foram autorizadas usinas para a empresa Oitis Energia Renov\u00e1vel. Cada uma das usinas tem capacidade de gerar 5.500 KW. Na semana passada, a Aneel tinha [&hellip;]<\/p>\n","protected":false},"author":1,"featured_media":50137,"comment_status":"open","ping_status":"open","sticky":false,"template":"","format":"standard","meta":{"beyondwords_generate_audio":"","beyondwords_project_id":"","beyondwords_podcast_id":"","beyondwords_hash":"","beyondwords_error_message":"","beyondwords_disabled":"","publish_post_to_speechkit":"","speechkit_generate_audio":"","speechkit_project_id":"","speechkit_podcast_id":"","speechkit_hash":"","speechkit_error_message":"","speechkit_disabled":"","speechkit_access_key":"","speechkit_error":"","speechkit_info":"","speechkit_response":"","speechkit_retries":"","_speechkit_link":"","_speechkit_text":""},"categories":[51],"tags":[6705,3144,44,11556,7680,76,5522,52,11555],"jetpack_featured_media_url":"https:\/\/pinews.com.br\/wp-content\/uploads\/2023\/06\/5.-usina-eolica-tacaratu.jpg","_links":{"self":[{"href":"https:\/\/pinews.com.br\/index.php\/wp-json\/wp\/v2\/posts\/50136"}],"collection":[{"href":"https:\/\/pinews.com.br\/index.php\/wp-json\/wp\/v2\/posts"}],"about":[{"href":"https:\/\/pinews.com.br\/index.php\/wp-json\/wp\/v2\/types\/post"}],"author":[{"embeddable":true,"href":"https:\/\/pinews.com.br\/index.php\/wp-json\/wp\/v2\/users\/1"}],"replies":[{"embeddable":true,"href":"https:\/\/pinews.com.br\/index.php\/wp-json\/wp\/v2\/comments?post=50136"}],"version-history":[{"count":1,"href":"https:\/\/pinews.com.br\/index.php\/wp-json\/wp\/v2\/posts\/50136\/revisions"}],"predecessor-version":[{"id":50138,"href":"https:\/\/pinews.com.br\/index.php\/wp-json\/wp\/v2\/posts\/50136\/revisions\/50138"}],"wp:featuredmedia":[{"embeddable":true,"href":"https:\/\/pinews.com.br\/index.php\/wp-json\/wp\/v2\/media\/50137"}],"wp:attachment":[{"href":"https:\/\/pinews.com.br\/index.php\/wp-json\/wp\/v2\/media?parent=50136"}],"wp:term":[{"taxonomy":"category","embeddable":true,"href":"https:\/\/pinews.com.br\/index.php\/wp-json\/wp\/v2\/categories?post=50136"},{"taxonomy":"post_tag","embeddable":true,"href":"https:\/\/pinews.com.br\/index.php\/wp-json\/wp\/v2\/tags?post=50136"}],"curies":[{"name":"wp","href":"https:\/\/api.w.org\/{rel}","templated":true}]}}