{"id":50168,"date":"2023-06-21T17:57:23","date_gmt":"2023-06-21T20:57:23","guid":{"rendered":"https:\/\/pinews.com.br\/?p=50168"},"modified":"2023-06-21T17:57:25","modified_gmt":"2023-06-21T20:57:25","slug":"homem-e-preso-por-receptacao-de-veiculo-roubado-ha-mais-de-12-anos-no-piaui","status":"publish","type":"post","link":"https:\/\/pinews.com.br\/index.php\/2023\/06\/21\/homem-e-preso-por-receptacao-de-veiculo-roubado-ha-mais-de-12-anos-no-piaui\/","title":{"rendered":"Homem \u00e9 preso por recepta\u00e7\u00e3o de ve\u00edculo roubado h\u00e1 mais de 12 anos no Piau\u00ed"},"content":{"rendered":"\n<p>Um homem de 27 anos, cuja a identidade n\u00e3o foi revelada, foi preso por recepta\u00e7\u00e3o de ve\u00edculo, desobedi\u00eancia e dire\u00e7\u00e3o perigosa. Al\u00e9m disso, uma motocicleta roubada h\u00e1 mais de 12 anos foi recuperada pela Pol\u00edcia Rodovi\u00e1ria Federal (PRF) durante abordagem nesta ter\u00e7a-feira (20), na BR 222, em Batalha (PI). <\/p>\n\n\n\n<p>Segundo informa\u00e7\u00f5es da PRF, a equipe realizava fiscaliza\u00e7\u00f5es quando avistou um homem conduzindo uma motocicleta sem placa de identifica\u00e7\u00e3o. Mediante a conduta, os policiais acompanharam o ve\u00edculo e\u00a0deram ordem de parada ao condutor, que descumpriu, empreendeu fuga em alta velocidade\u00a0e adentrou os cruzamentos da cidade.<\/p>\n\n\n\n<p>Ap\u00f3s acompanhamento t\u00e1tico, os agentes abordaram o suspeito, que, conforme resultado de pesquisas aos sistemas,\u00a0n\u00e3o possu\u00eda habilita\u00e7\u00e3o.\u00a0Al\u00e9m disso, ele tamb\u00e9m n\u00e3o portava a vers\u00e3o impressa do\u00a0Certificado de Registro e Licenciamento do Ve\u00edculo (CRLV-e)\u00a0e a\u00a0motocicleta estava sem o primeiro registro\/emplacamento.<\/p>\n\n\n\n<p>A guarni\u00e7\u00e3o afirmou que ao ser questionado sobre a origem do ve\u00edculo,\u00a0o homem esbo\u00e7ou estar tr\u00eamulo e nervoso ao afirmar que havia adquirido o bem\u00a0por meio de um terceiro, sem recibo de compra e venda,\u00a0pelo valor de R$3.000,00 mil,\u00a0gerando suspeitas sobre a veracidade dos acontecimentos.<\/p>\n\n\n\n<p>Perante a esta situa\u00e7\u00e3o, de acordo com a equipe, foi realizado uma\u00a0averigua\u00e7\u00e3o mais aprofundada\u00a0dos elementos identificadores da motocicleta, onde foi poss\u00edvel identificar o ve\u00edculo original, que\u00a0possu\u00eda registro de roubo em Teresina, no ano de 2011.<\/p>\n\n\n\n<p>Diante dos expostos, a motocicleta e o homem foram encaminhados \u00e0 Delegacia de Pol\u00edcia Civil de Batalha para que as medidas cab\u00edveis fossem tomadas.\u00a0Ele responder\u00e1, a princ\u00edpio, pelo crime de recepta\u00e7\u00e3o de ve\u00edculo e por conduzir sem CNH, gerando perigo de dano.<\/p>\n\n\n\n<p><strong>Fonte: Meio Norte <\/strong><\/p>\n","protected":false},"excerpt":{"rendered":"<p>Um homem de 27 anos, cuja a identidade n\u00e3o foi revelada, foi preso por recepta\u00e7\u00e3o de ve\u00edculo, desobedi\u00eancia e dire\u00e7\u00e3o perigosa. Al\u00e9m disso, uma motocicleta roubada h\u00e1 mais de 12 anos foi recuperada pela Pol\u00edcia Rodovi\u00e1ria Federal (PRF) durante abordagem nesta ter\u00e7a-feira (20), na BR 222, em Batalha (PI). Segundo informa\u00e7\u00f5es da PRF, a equipe [&hellip;]<\/p>\n","protected":false},"author":4,"featured_media":50169,"comment_status":"open","ping_status":"open","sticky":false,"template":"","format":"standard","meta":{"beyondwords_generate_audio":"","beyondwords_project_id":"","beyondwords_podcast_id":"","beyondwords_hash":"","beyondwords_error_message":"","beyondwords_disabled":"","publish_post_to_speechkit":"","speechkit_generate_audio":"","speechkit_project_id":"","speechkit_podcast_id":"","speechkit_hash":"","speechkit_error_message":"","speechkit_disabled":"","speechkit_access_key":"","speechkit_error":"","speechkit_info":"","speechkit_response":"","speechkit_retries":"","_speechkit_link":"","_speechkit_text":""},"categories":[51,78],"tags":[191,82,44,72,603,84,76,52,59,79,989,5408,158],"jetpack_featured_media_url":"https:\/\/pinews.com.br\/wp-content\/uploads\/2023\/06\/homem-e-preso-por-receptacao-de-veiculo-roubado-ha-mais-de-12-anos-no-piaui-d0ac9833-9f40-43c3-b58f-11c4a3c73f1f.jpg","_links":{"self":[{"href":"https:\/\/pinews.com.br\/index.php\/wp-json\/wp\/v2\/posts\/50168"}],"collection":[{"href":"https:\/\/pinews.com.br\/index.php\/wp-json\/wp\/v2\/posts"}],"about":[{"href":"https:\/\/pinews.com.br\/index.php\/wp-json\/wp\/v2\/types\/post"}],"author":[{"embeddable":true,"href":"https:\/\/pinews.com.br\/index.php\/wp-json\/wp\/v2\/users\/4"}],"replies":[{"embeddable":true,"href":"https:\/\/pinews.com.br\/index.php\/wp-json\/wp\/v2\/comments?post=50168"}],"version-history":[{"count":1,"href":"https:\/\/pinews.com.br\/index.php\/wp-json\/wp\/v2\/posts\/50168\/revisions"}],"predecessor-version":[{"id":50170,"href":"https:\/\/pinews.com.br\/index.php\/wp-json\/wp\/v2\/posts\/50168\/revisions\/50170"}],"wp:featuredmedia":[{"embeddable":true,"href":"https:\/\/pinews.com.br\/index.php\/wp-json\/wp\/v2\/media\/50169"}],"wp:attachment":[{"href":"https:\/\/pinews.com.br\/index.php\/wp-json\/wp\/v2\/media?parent=50168"}],"wp:term":[{"taxonomy":"category","embeddable":true,"href":"https:\/\/pinews.com.br\/index.php\/wp-json\/wp\/v2\/categories?post=50168"},{"taxonomy":"post_tag","embeddable":true,"href":"https:\/\/pinews.com.br\/index.php\/wp-json\/wp\/v2\/tags?post=50168"}],"curies":[{"name":"wp","href":"https:\/\/api.w.org\/{rel}","templated":true}]}}