{"id":50171,"date":"2023-06-21T18:02:56","date_gmt":"2023-06-21T21:02:56","guid":{"rendered":"https:\/\/pinews.com.br\/?p=50171"},"modified":"2023-06-21T18:02:59","modified_gmt":"2023-06-21T21:02:59","slug":"pastor-da-assembleia-de-deus-de-itainopolis-morre-de-infarto-e-causa-comocao","status":"publish","type":"post","link":"https:\/\/pinews.com.br\/index.php\/2023\/06\/21\/pastor-da-assembleia-de-deus-de-itainopolis-morre-de-infarto-e-causa-comocao\/","title":{"rendered":"Pastor da Assembleia de Deus de Itain\u00f3polis morre de infarto e causa como\u00e7\u00e3o"},"content":{"rendered":"\n<p>A Prefeitura de Itain\u00f3polis emitiu, nesta quarta-feira (21), uma nota de pesar lamentando o falecimento do pastor Manoel Rocha da Silva, aos 65 anos, ocorrido nessa ter\u00e7a-feira (20) ap\u00f3s sofrer um infarto.<\/p>\n\n\n\n<p>A nota, assinada pelo prefeito Miguel Rodrigues, diz que recebe a not\u00edcia do falecimento do pastor Rocha com imenso pesar e que ele foi um fiel e devoto servo de Deus.<\/p>\n\n\n\n<p>O corpo do pastor Manoel Rocha est\u00e1 sendo velado na Igreja Assembleia de Deus Palmeiras de Goi\u00e1s, que fica localizada na Rua Sizenando Jeric\u00f3, em Itain\u00f3polis. O sepultamento est\u00e1 previsto para acontecer \u00e0s 17h no Cemit\u00e9rio Municipal de Itain\u00f3polis.<\/p>\n\n\n\n<figure class=\"wp-block-image size-full\"><img decoding=\"async\" loading=\"lazy\" width=\"640\" height=\"800\" src=\"https:\/\/pinews.com.br\/wp-content\/uploads\/2023\/06\/355405877_979201516754677_8888648856360325791_n.jpg\" alt=\"\" class=\"wp-image-50172\" srcset=\"https:\/\/pinews.com.br\/wp-content\/uploads\/2023\/06\/355405877_979201516754677_8888648856360325791_n.jpg 640w, https:\/\/pinews.com.br\/wp-content\/uploads\/2023\/06\/355405877_979201516754677_8888648856360325791_n-240x300.jpg 240w\" sizes=\"(max-width: 640px) 100vw, 640px\" \/><\/figure>\n\n\n\n<p><strong>Fonte: Riach\u00e3o Net<\/strong><\/p>\n","protected":false},"excerpt":{"rendered":"<p>A Prefeitura de Itain\u00f3polis emitiu, nesta quarta-feira (21), uma nota de pesar lamentando o falecimento do pastor Manoel Rocha da Silva, aos 65 anos, ocorrido nessa ter\u00e7a-feira (20) ap\u00f3s sofrer um infarto. A nota, assinada pelo prefeito Miguel Rodrigues, diz que recebe a not\u00edcia do falecimento do pastor Rocha com imenso pesar e que ele [&hellip;]<\/p>\n","protected":false},"author":1,"featured_media":50173,"comment_status":"open","ping_status":"open","sticky":false,"template":"","format":"standard","meta":{"beyondwords_generate_audio":"","beyondwords_project_id":"","beyondwords_podcast_id":"","beyondwords_hash":"","beyondwords_error_message":"","beyondwords_disabled":"","publish_post_to_speechkit":"","speechkit_generate_audio":"","speechkit_project_id":"","speechkit_podcast_id":"","speechkit_hash":"","speechkit_error_message":"","speechkit_disabled":"","speechkit_access_key":"","speechkit_error":"","speechkit_info":"","speechkit_response":"","speechkit_retries":"","_speechkit_link":"","_speechkit_text":""},"categories":[51],"tags":[7037,172,220,122,44,7706,284,7297,119,444],"jetpack_featured_media_url":"https:\/\/pinews.com.br\/wp-content\/uploads\/2023\/06\/IMG_20230621_180230.jpg","_links":{"self":[{"href":"https:\/\/pinews.com.br\/index.php\/wp-json\/wp\/v2\/posts\/50171"}],"collection":[{"href":"https:\/\/pinews.com.br\/index.php\/wp-json\/wp\/v2\/posts"}],"about":[{"href":"https:\/\/pinews.com.br\/index.php\/wp-json\/wp\/v2\/types\/post"}],"author":[{"embeddable":true,"href":"https:\/\/pinews.com.br\/index.php\/wp-json\/wp\/v2\/users\/1"}],"replies":[{"embeddable":true,"href":"https:\/\/pinews.com.br\/index.php\/wp-json\/wp\/v2\/comments?post=50171"}],"version-history":[{"count":1,"href":"https:\/\/pinews.com.br\/index.php\/wp-json\/wp\/v2\/posts\/50171\/revisions"}],"predecessor-version":[{"id":50174,"href":"https:\/\/pinews.com.br\/index.php\/wp-json\/wp\/v2\/posts\/50171\/revisions\/50174"}],"wp:featuredmedia":[{"embeddable":true,"href":"https:\/\/pinews.com.br\/index.php\/wp-json\/wp\/v2\/media\/50173"}],"wp:attachment":[{"href":"https:\/\/pinews.com.br\/index.php\/wp-json\/wp\/v2\/media?parent=50171"}],"wp:term":[{"taxonomy":"category","embeddable":true,"href":"https:\/\/pinews.com.br\/index.php\/wp-json\/wp\/v2\/categories?post=50171"},{"taxonomy":"post_tag","embeddable":true,"href":"https:\/\/pinews.com.br\/index.php\/wp-json\/wp\/v2\/tags?post=50171"}],"curies":[{"name":"wp","href":"https:\/\/api.w.org\/{rel}","templated":true}]}}