{"id":50181,"date":"2023-06-22T11:30:33","date_gmt":"2023-06-22T14:30:33","guid":{"rendered":"https:\/\/pinews.com.br\/?p=50181"},"modified":"2023-06-22T11:30:36","modified_gmt":"2023-06-22T14:30:36","slug":"garoto-de-13-anos-e-apreendido-suspeito-de-matar-adolescente-de-14-no-piaui-jovens-ja-tinham-se-relacionado","status":"publish","type":"post","link":"https:\/\/pinews.com.br\/index.php\/2023\/06\/22\/garoto-de-13-anos-e-apreendido-suspeito-de-matar-adolescente-de-14-no-piaui-jovens-ja-tinham-se-relacionado\/","title":{"rendered":"Garoto de 13 anos \u00e9 apreendido suspeito de matar adolescente de 14 no Piau\u00ed; jovens j\u00e1 tinham se relacionado"},"content":{"rendered":"\n<p>Um garoto de 13 anos foi apreendido suspeito de participa\u00e7\u00e3o no assassinato da jovem Ana Clara Sandes, 14 anos, em 20 de maio deste ano, em Uni\u00e3o, cidade a 52 km de Teresina. Segundo a pol\u00edcia, os dois n\u00e3o namoravam, mas j\u00e1 tinham tido um envolvimento.<\/p>\n\n\n\n<p>\u201cA interna\u00e7\u00e3o dele foi decorrente das investiga\u00e7\u00f5es que tiveram in\u00edcio a partir da pris\u00e3o realizada em maio. Chegamos nesse adolescente como poss\u00edvel executor do crime. Tanto ele como\u00a0o homem preso\u00a0anteriormente t\u00eam participa\u00e7\u00e3o direta no crime, e por isso solicitamos a interna\u00e7\u00e3o dele\u201d, informou a delegada Nath\u00e1lia Figueiredo.<\/p>\n\n\n\n<p>\u201cO adolescente n\u00e3o possui registros de interna\u00e7\u00f5es ou condu\u00e7\u00f5es \u00e0 delegacia, no entanto, participava desses eventos de grau de moto. O jovem tinha tamb\u00e9m algumas amizades duvidosas\u201d, completou.<\/p>\n\n\n\n<p>A Pol\u00edcia ainda faz buscas para localizar a arma de calibre 38 utilizada no crime.<\/p>\n\n\n\n<h2>Jovem foi morta em casa de amigo do suspeito<\/h2>\n\n\n\n<figure class=\"wp-block-image\"><img decoding=\"async\" src=\"https:\/\/s2-g1.glbimg.com\/Ov5B8Zf_tguq1Y--FJyDA2oj3YU=\/0x266:1200x1058\/984x0\/smart\/filters:strip_icc()\/i.s3.glbimg.com\/v1\/AUTH_59edd422c0c84a879bd37670ae4f538a\/internal_photos\/bs\/2023\/o\/A\/jG0gvSSW2ME7ZKmuF35g\/whatsapp-image-2023-05-27-at-08.36.34.jpeg\" alt=\"Pol\u00edcia prende suspeito de matar adolescente de 14 anos em Uni\u00e3o, Piau\u00ed \u2014 Foto: Divulga\u00e7\u00e3o\/PCPI\"\/><figcaption class=\"wp-element-caption\">Pol\u00edcia prende suspeito de matar adolescente de 14 anos em Uni\u00e3o, Piau\u00ed \u2014 Foto: Divulga\u00e7\u00e3o\/PCPI<\/figcaption><\/figure>\n\n\n\n<p>A\u00a0casa onde a adolescente Ana Clara Santos Sandes, 14 anos, foi achada morta,\u00a0pertence a amigos do\u00a0suspeito do crime. A informa\u00e7\u00e3o foi divulgada neste s\u00e1bado (27), em coletiva de imprensa, pela delegada Nath\u00e1lia Figueiredo, titular do N\u00facleo Policial Investigativo de Feminic\u00eddio do Departamento de Homic\u00eddio e Prote\u00e7\u00e3o \u00e0 Pessoa (DHPP).<\/p>\n\n\n\n<p>O homem identificado pelas iniciais S.D.G.S. foi preso neste s\u00e1bado (27), em casa, na cidade de Teresina, suspeito de ter\u00a0matado a adolescente. Segundo a delegada, a motiva\u00e7\u00e3o do crime ainda n\u00e3o foi determinada.<\/p>\n\n\n\n<p>Ele foi preso porque foi visto diversas vezes com a adolescente antes do crime. O local onde ela foi achada era conhecido como ponto de uso de drogas e o im\u00f3vel pertence a amigos do suspeito.\u00a0A delegada informou que n\u00e3o \u00e9 poss\u00edvel afirmar que a jovem era usu\u00e1ria de drogas.<\/p>\n\n\n\n<p>Ela foi encontrada com um tiro no pesco\u00e7o, com um proj\u00e9til que ficou alojado no corpo da jovem. Pelos vest\u00edgios do local do crime, n\u00e3o h\u00e1 at\u00e9 o momento ind\u00edcios de que ela tenha sido v\u00edtima de outro tipo de viol\u00eancia al\u00e9m do tiro. Contudo, a pol\u00edcia ainda aguarda o laudo cadav\u00e9rico.<\/p>\n\n\n\n<p>A delegada destacou que\u00a0o homem foi preso temporariamente\u00a0para continuidade das investiga\u00e7\u00f5es do crime,\u00a0que aconteceu h\u00e1 uma semana. A jovem foi\u00a0morta em 20 de maio\u00a0e teve seu corpo encontrado no terrado de uma casa no dia 21, em Uni\u00e3o, cidade a 52 km de Teresina.<\/p>\n\n\n\n<p>A pris\u00e3o foi feita pelo Departamento de Homic\u00eddio e Prote\u00e7\u00e3o \u00e0 Pessoa (DHPP), atrav\u00e9s do N\u00facleo Policial Investigativo de Feminic\u00eddio, em conjunto com o N\u00facleo de Intelig\u00eancia do DHPP e do 20\u00b0 Distrito policial, com o apoio operacional do Departamento de Repress\u00e3o \u00e0s A\u00e7\u00f5es Criminosas Organizadas.<\/p>\n\n\n\n<h2>A v\u00edtima<\/h2>\n\n\n\n<figure class=\"wp-block-image\"><img decoding=\"async\" src=\"https:\/\/s2-g1.glbimg.com\/UAusTMjBWRI_iRV0rxCwpfylW7Y=\/0x0:829x612\/984x0\/smart\/filters:strip_icc()\/i.s3.glbimg.com\/v1\/AUTH_59edd422c0c84a879bd37670ae4f538a\/internal_photos\/bs\/2023\/A\/J\/wJE4BbSEiQEMiPF0oArA\/whatsapp-image-2023-05-27-at-11.03.40.jpeg\" alt=\"Ana Clara foi encontrada morta no dia 21 de maio, no terra\u00e7o de uma casa onde, segundo a Pol\u00edcia Militar, funcionava um ponto de vendas de drogas, na cidade de Uni\u00e3o.  \u2014 Foto: Reprodu\u00e7\u00e3o\"\/><figcaption class=\"wp-element-caption\">Ana Clara foi encontrada morta no dia 21 de maio, no terra\u00e7o de uma casa onde, segundo a Pol\u00edcia Militar, funcionava um ponto de vendas de drogas, na cidade de Uni\u00e3o. \u2014 Foto: Reprodu\u00e7\u00e3o<\/figcaption><\/figure>\n\n\n\n<p>Ana Clara foi encontrada morta no dia 21 de maio, no terra\u00e7o de uma casa onde, segundo a Pol\u00edcia Militar, funcionava um ponto de vendas de drogas, na cidade de Uni\u00e3o.<\/p>\n\n\n\n<p>Ana Clara nasceu em Barra do Corda, no Maranh\u00e3o. Antes de vir ao Piau\u00ed, Ana morou desde os 4 anos em Goi\u00e2nia, em Goi\u00e1s.<\/p>\n\n\n\n<p>Ana havia se mudado para Uni\u00e3o em 19 de mar\u00e7o, e\u00a0foi morta apenas um m\u00eas e dois dias depois de chegar \u00e0 cidade. Ela tem tios que vivem no Piau\u00ed.<\/p>\n\n\n\n<p><strong>Fonte: G1 PI <\/strong><\/p>\n","protected":false},"excerpt":{"rendered":"<p>Um garoto de 13 anos foi apreendido suspeito de participa\u00e7\u00e3o no assassinato da jovem Ana Clara Sandes, 14 anos, em 20 de maio deste ano, em Uni\u00e3o, cidade a 52 km de Teresina. Segundo a pol\u00edcia, os dois n\u00e3o namoravam, mas j\u00e1 tinham tido um envolvimento. \u201cA interna\u00e7\u00e3o dele foi decorrente das investiga\u00e7\u00f5es que tiveram [&hellip;]<\/p>\n","protected":false},"author":4,"featured_media":50182,"comment_status":"open","ping_status":"open","sticky":false,"template":"","format":"standard","meta":{"beyondwords_generate_audio":"","beyondwords_project_id":"","beyondwords_podcast_id":"","beyondwords_hash":"","beyondwords_error_message":"","beyondwords_disabled":"","publish_post_to_speechkit":"","speechkit_generate_audio":"","speechkit_project_id":"","speechkit_podcast_id":"","speechkit_hash":"","speechkit_error_message":"","speechkit_disabled":"","speechkit_access_key":"","speechkit_error":"","speechkit_info":"","speechkit_response":"","speechkit_retries":"","_speechkit_link":"","_speechkit_text":""},"categories":[51,78],"tags":[426,827,177,82,1117,44,72,1543,396,542,85,52,11558,129,130,5402],"jetpack_featured_media_url":"https:\/\/pinews.com.br\/wp-content\/uploads\/2023\/06\/whatsapp-image-2023-05-27-at-11.03.50.jpeg","_links":{"self":[{"href":"https:\/\/pinews.com.br\/index.php\/wp-json\/wp\/v2\/posts\/50181"}],"collection":[{"href":"https:\/\/pinews.com.br\/index.php\/wp-json\/wp\/v2\/posts"}],"about":[{"href":"https:\/\/pinews.com.br\/index.php\/wp-json\/wp\/v2\/types\/post"}],"author":[{"embeddable":true,"href":"https:\/\/pinews.com.br\/index.php\/wp-json\/wp\/v2\/users\/4"}],"replies":[{"embeddable":true,"href":"https:\/\/pinews.com.br\/index.php\/wp-json\/wp\/v2\/comments?post=50181"}],"version-history":[{"count":1,"href":"https:\/\/pinews.com.br\/index.php\/wp-json\/wp\/v2\/posts\/50181\/revisions"}],"predecessor-version":[{"id":50183,"href":"https:\/\/pinews.com.br\/index.php\/wp-json\/wp\/v2\/posts\/50181\/revisions\/50183"}],"wp:featuredmedia":[{"embeddable":true,"href":"https:\/\/pinews.com.br\/index.php\/wp-json\/wp\/v2\/media\/50182"}],"wp:attachment":[{"href":"https:\/\/pinews.com.br\/index.php\/wp-json\/wp\/v2\/media?parent=50181"}],"wp:term":[{"taxonomy":"category","embeddable":true,"href":"https:\/\/pinews.com.br\/index.php\/wp-json\/wp\/v2\/categories?post=50181"},{"taxonomy":"post_tag","embeddable":true,"href":"https:\/\/pinews.com.br\/index.php\/wp-json\/wp\/v2\/tags?post=50181"}],"curies":[{"name":"wp","href":"https:\/\/api.w.org\/{rel}","templated":true}]}}