{"id":50195,"date":"2023-06-22T18:14:06","date_gmt":"2023-06-22T21:14:06","guid":{"rendered":"https:\/\/pinews.com.br\/?p=50195"},"modified":"2023-06-22T18:14:09","modified_gmt":"2023-06-22T21:14:09","slug":"corpo-de-adolescente-que-teve-execucao-gravada-no-piaui-e-encontrado","status":"publish","type":"post","link":"https:\/\/pinews.com.br\/index.php\/2023\/06\/22\/corpo-de-adolescente-que-teve-execucao-gravada-no-piaui-e-encontrado\/","title":{"rendered":"Corpo de adolescente que teve execu\u00e7\u00e3o gravada no Piau\u00ed \u00e9 encontrado"},"content":{"rendered":"\n<p>O corpo do\u00a0adolescente Erieldson Ribeiro Costa, que teve a execu\u00e7\u00e3o filmada e compartilhada nas redes sociais,\u00a0foi encontrado na tarde desta quinta-feira (22) em um matagal nas proximidades do bairro Aroeiras, na zona Leste de Teresina.\u00a0<\/p>\n\n\n\n<p>De acordo com o sargento Ivan, do 5\u00ba Batalh\u00e3o da PM, a pol\u00edcia chegou at\u00e9 o local do corpo por volta das 16h30, ap\u00f3s receber uma liga\u00e7\u00e3o an\u00f4nima.&nbsp;<\/p>\n\n\n\n<p>&#8220;Ligaram para o 190 e acionaram a viatura. \u00c9 uma \u00e1rea de mata, de d\u00edficil acesso, que fica nas proximidades de onde est\u00e1 sendo constru\u00eddo um conjunto da Caixa Econ\u00f4mica&#8221;, informou.&nbsp;<\/p>\n\n\n\n<p>Familiares do adolescente foram chamados ao local para fazer o reconhecimento.\u00a0<\/p>\n\n\n\n<p><\/p>\n\n\n\n<figure class=\"wp-block-image\"><img decoding=\"async\" src=\"https:\/\/cidadeverde.com\/assets\/uploads\/noticias\/0de0ff1b4cba75bd9b7daaeeface6abe.jpg\" alt=\"\"\/><figcaption class=\"wp-element-caption\">Foto: Christian Sousa\/TV Cidade Verde<\/figcaption><\/figure>\n\n\n\n<p>O Instituto de Medicina Legal (IML) e o Departamento de Homic\u00eddios e Prote\u00e7\u00e3o \u00e0 Pessoa (DHPP) tamb\u00e9m foram acionados.&nbsp;<\/p>\n\n\n\n<p>A autoria e a motiva\u00e7\u00e3o do crime ainda s\u00e3o desconhecidas. A pol\u00edcia suspeita que o adolescente tenha sido v\u00edtima do chamado tribunal do crime.&nbsp;<\/p>\n\n\n\n<figure class=\"wp-block-image\"><img decoding=\"async\" src=\"https:\/\/cidadeverde.com\/assets\/uploads\/noticias\/8acb1299159f609364cacfe222e5cdeb.jpg\" alt=\"\"\/><\/figure>\n\n\n\n<p><strong>Fam\u00edlia fez apelo<\/strong><\/p>\n\n\n\n<p>Mais cedo, o pai de Erieldson fez um apelo \u00e0s autoridades e para que a fam\u00edlia conseguisse sepultar o adolescente.&nbsp;<\/p>\n\n\n\n<p>Ao&nbsp;<em>Cidadeverde.com,<\/em>&nbsp;Erasmo Gomes disse que o filho desapareceu na \u00faltima ter\u00e7a-feira, ap\u00f3s sair para jogar futebol com os amigos.&nbsp;<\/p>\n\n\n\n<p>Ainda de acordo com o pai, Erieldson n\u00e3o tinha envolvimento com fac\u00e7\u00f5es.&nbsp;<\/p>\n\n\n\n<p><br><strong>Fonte: Natanael Souza\/ Cidade Verde <\/strong><\/p>\n","protected":false},"excerpt":{"rendered":"<p>O corpo do\u00a0adolescente Erieldson Ribeiro Costa, que teve a execu\u00e7\u00e3o filmada e compartilhada nas redes sociais,\u00a0foi encontrado na tarde desta quinta-feira (22) em um matagal nas proximidades do bairro Aroeiras, na zona Leste de Teresina.\u00a0 De acordo com o sargento Ivan, do 5\u00ba Batalh\u00e3o da PM, a pol\u00edcia chegou at\u00e9 o local do corpo por [&hellip;]<\/p>\n","protected":false},"author":4,"featured_media":50196,"comment_status":"open","ping_status":"open","sticky":false,"template":"","format":"standard","meta":{"beyondwords_generate_audio":"","beyondwords_project_id":"","beyondwords_podcast_id":"","beyondwords_hash":"","beyondwords_error_message":"","beyondwords_disabled":"","publish_post_to_speechkit":"","speechkit_generate_audio":"","speechkit_project_id":"","speechkit_podcast_id":"","speechkit_hash":"","speechkit_error_message":"","speechkit_disabled":"","speechkit_access_key":"","speechkit_error":"","speechkit_info":"","speechkit_response":"","speechkit_retries":"","_speechkit_link":"","_speechkit_text":""},"categories":[51,78],"tags":[177,55,44,72,200,2301,11561,52,8080],"jetpack_featured_media_url":"https:\/\/pinews.com.br\/wp-content\/uploads\/2023\/06\/133c877d762393bb88dede5df9188867.jpg","_links":{"self":[{"href":"https:\/\/pinews.com.br\/index.php\/wp-json\/wp\/v2\/posts\/50195"}],"collection":[{"href":"https:\/\/pinews.com.br\/index.php\/wp-json\/wp\/v2\/posts"}],"about":[{"href":"https:\/\/pinews.com.br\/index.php\/wp-json\/wp\/v2\/types\/post"}],"author":[{"embeddable":true,"href":"https:\/\/pinews.com.br\/index.php\/wp-json\/wp\/v2\/users\/4"}],"replies":[{"embeddable":true,"href":"https:\/\/pinews.com.br\/index.php\/wp-json\/wp\/v2\/comments?post=50195"}],"version-history":[{"count":1,"href":"https:\/\/pinews.com.br\/index.php\/wp-json\/wp\/v2\/posts\/50195\/revisions"}],"predecessor-version":[{"id":50197,"href":"https:\/\/pinews.com.br\/index.php\/wp-json\/wp\/v2\/posts\/50195\/revisions\/50197"}],"wp:featuredmedia":[{"embeddable":true,"href":"https:\/\/pinews.com.br\/index.php\/wp-json\/wp\/v2\/media\/50196"}],"wp:attachment":[{"href":"https:\/\/pinews.com.br\/index.php\/wp-json\/wp\/v2\/media?parent=50195"}],"wp:term":[{"taxonomy":"category","embeddable":true,"href":"https:\/\/pinews.com.br\/index.php\/wp-json\/wp\/v2\/categories?post=50195"},{"taxonomy":"post_tag","embeddable":true,"href":"https:\/\/pinews.com.br\/index.php\/wp-json\/wp\/v2\/tags?post=50195"}],"curies":[{"name":"wp","href":"https:\/\/api.w.org\/{rel}","templated":true}]}}