{"id":50236,"date":"2023-06-23T17:34:55","date_gmt":"2023-06-23T20:34:55","guid":{"rendered":"https:\/\/pinews.com.br\/?p=50236"},"modified":"2023-06-23T17:34:58","modified_gmt":"2023-06-23T20:34:58","slug":"garota-sofre-estupro-coletivo-no-piaui-e-fica-gravida-menor-e-apreendido","status":"publish","type":"post","link":"https:\/\/pinews.com.br\/index.php\/2023\/06\/23\/garota-sofre-estupro-coletivo-no-piaui-e-fica-gravida-menor-e-apreendido\/","title":{"rendered":"Garota sofre estupro coletivo no Piau\u00ed e fica gr\u00e1vida; menor \u00e9 apreendido"},"content":{"rendered":"\n<p>Um adolescente de 17 anos foi apreendido no final da manh\u00e3 desta sexta-feira (23) suspeito de participar de um estupro de vulneravel contra uma menor em Teresina. O crime teria ocorrido junto com o tio do jovem, o que caracteriza estupro coletivo. O caso aconteceu em novembro do ano passado no bairro Nova Bras\u00edlia, na zona Norte de Teresina.&nbsp;<\/p>\n\n\n\n<p>A ocorr\u00eancia foi registrada na Delegacia Especializada de Atendimento \u00e0 Mulher da regi\u00e3o pela pr\u00f3pria v\u00edtima, \u00e0 \u00e9poca com 16 anos. Por conta da participa\u00e7\u00e3o de um adolescente, encaminhou parte da investiga\u00e7\u00e3o para a Delegacia do Menor Infrator (DMI).&nbsp;&nbsp;<\/p>\n\n\n\n<p>Segundo o delegado Edvan Botelho, a v\u00edtima relatou que foi convidada por uma outra amiga para ir at\u00e9 a casa onde estava esse adulto e o outro adolescente, que naquela ocasi\u00e3o tinha 16 anos. Em determinado momento, apenas os tr\u00eas ficaram no local.&nbsp;<\/p>\n\n\n\n<p>\u201cEles come\u00e7aram a ingerir bebida alco\u00f3lica, eles tamb\u00e9m, ficaram jogando &#8216;porrinha&#8217; e quando ela estava embriagada, o tio transou com ela e depois o menor. Desse estupro resultou uma gravidez\u201d, explicou a autoridade policial ao Cidadeverde.com.<\/p>\n\n\n\n<figure class=\"wp-block-image\"><img decoding=\"async\" src=\"https:\/\/cidadeverde.com\/assets\/uploads\/noticias\/4b62d86bca89efd58d1ad0322a70e570.jpg\" alt=\"\"\/><figcaption class=\"wp-element-caption\"><em>Foto: Arquivo\/Cidadeverde.com<\/em><\/figcaption><\/figure>\n\n\n\n<p>O delegado ainda informou que exames realizados pelo Instituto M\u00e9dico Legal (IML) confirmaram a viol\u00eancia sexual e que o ato tamb\u00e9m configura estupro coletivo. Apesar disso, tanto tio como sobrinho negam que tenham cometido o crime.&nbsp;<\/p>\n\n\n\n<p>\u201cOs dois negaram. O que eles dizem \u00e9 que n\u00e3o foi for\u00e7ado, mas sabemos que foi. O adolescente disse que j\u00e1 tinha mantido rela\u00e7\u00e3o sexual com a v\u00edtima, mas isso n\u00e3o justifica. N\u00e3o \u00e9 porque eles tiveram uma rela\u00e7\u00e3o antes que ela tem a obriga\u00e7\u00e3o de transar com ele novamente\u201d, ressaltou Edvan Botelho.<\/p>\n\n\n\n<p>Ap\u00f3s decis\u00e3o da Justi\u00e7a, o adolescente foi apreendido e encaminhado para o Centro de Interna\u00e7\u00e3o Provis\u00f3ria (CEIP). Na ocasi\u00e3o, o tio tamb\u00e9m estava no momento que a decis\u00e3o foi cumprida, mas n\u00e3o foi preso porque n\u00e3o havia mandado de pris\u00e3o contra ele.&nbsp;<\/p>\n\n\n\n<p>\u201cQuando esse procedimento foi enviado para mim, a delegada j\u00e1 tinha conclu\u00eddo a parte dela e mandado pra Justi\u00e7a. Entrei em contato, mas ela me informou que o mandado ainda n\u00e3o tinha sa\u00eddo\u201d, concluiu o delegado.<\/p>\n\n\n\n<p><br><strong>Fonte: Breno Moreno\/ Cidade Verde <\/strong><\/p>\n","protected":false},"excerpt":{"rendered":"<p>Um adolescente de 17 anos foi apreendido no final da manh\u00e3 desta sexta-feira (23) suspeito de participar de um estupro de vulneravel contra uma menor em Teresina. O crime teria ocorrido junto com o tio do jovem, o que caracteriza estupro coletivo. O caso aconteceu em novembro do ano passado no bairro Nova Bras\u00edlia, na [&hellip;]<\/p>\n","protected":false},"author":4,"featured_media":50237,"comment_status":"open","ping_status":"open","sticky":false,"template":"","format":"standard","meta":{"beyondwords_generate_audio":"","beyondwords_project_id":"","beyondwords_podcast_id":"","beyondwords_hash":"","beyondwords_error_message":"","beyondwords_disabled":"","publish_post_to_speechkit":"","speechkit_generate_audio":"","speechkit_project_id":"","speechkit_podcast_id":"","speechkit_hash":"","speechkit_error_message":"","speechkit_disabled":"","speechkit_access_key":"","speechkit_error":"","speechkit_info":"","speechkit_response":"","speechkit_retries":"","_speechkit_link":"","_speechkit_text":""},"categories":[51,78,81],"tags":[1117,1782,72,236,160,503,585,1549,52,405],"jetpack_featured_media_url":"https:\/\/pinews.com.br\/wp-content\/uploads\/2023\/06\/50bd30fcd043c7cfbddc6f6ede7b50a0.jpg","_links":{"self":[{"href":"https:\/\/pinews.com.br\/index.php\/wp-json\/wp\/v2\/posts\/50236"}],"collection":[{"href":"https:\/\/pinews.com.br\/index.php\/wp-json\/wp\/v2\/posts"}],"about":[{"href":"https:\/\/pinews.com.br\/index.php\/wp-json\/wp\/v2\/types\/post"}],"author":[{"embeddable":true,"href":"https:\/\/pinews.com.br\/index.php\/wp-json\/wp\/v2\/users\/4"}],"replies":[{"embeddable":true,"href":"https:\/\/pinews.com.br\/index.php\/wp-json\/wp\/v2\/comments?post=50236"}],"version-history":[{"count":1,"href":"https:\/\/pinews.com.br\/index.php\/wp-json\/wp\/v2\/posts\/50236\/revisions"}],"predecessor-version":[{"id":50238,"href":"https:\/\/pinews.com.br\/index.php\/wp-json\/wp\/v2\/posts\/50236\/revisions\/50238"}],"wp:featuredmedia":[{"embeddable":true,"href":"https:\/\/pinews.com.br\/index.php\/wp-json\/wp\/v2\/media\/50237"}],"wp:attachment":[{"href":"https:\/\/pinews.com.br\/index.php\/wp-json\/wp\/v2\/media?parent=50236"}],"wp:term":[{"taxonomy":"category","embeddable":true,"href":"https:\/\/pinews.com.br\/index.php\/wp-json\/wp\/v2\/categories?post=50236"},{"taxonomy":"post_tag","embeddable":true,"href":"https:\/\/pinews.com.br\/index.php\/wp-json\/wp\/v2\/tags?post=50236"}],"curies":[{"name":"wp","href":"https:\/\/api.w.org\/{rel}","templated":true}]}}