{"id":50254,"date":"2023-06-24T18:08:46","date_gmt":"2023-06-24T21:08:46","guid":{"rendered":"https:\/\/pinews.com.br\/?p=50254"},"modified":"2023-06-24T18:10:03","modified_gmt":"2023-06-24T21:10:03","slug":"acidente-deixa-motoqueiro-gravemente-ferido-no-norte-do-piaui","status":"publish","type":"post","link":"https:\/\/pinews.com.br\/index.php\/2023\/06\/24\/acidente-deixa-motoqueiro-gravemente-ferido-no-norte-do-piaui\/","title":{"rendered":"Acidente deixa motoqueiro gravemente ferido no Norte do Piau\u00ed"},"content":{"rendered":"\n<p>Um homem ainda n\u00e3o identificado ficou gravemente ferido ao colidir a motocicleta que conduzia com um carro na BR-343 na sa\u00edda de Campo Maior para Piripiri. O SAMU esteve no local e levou o paciente para o Hospital Regional de Campo Maior.<\/p>\n\n\n\n<p>Segundo testemunhas, o condutor da moto teria tentado fazer uma ultrapassagem no momento que o carro fazia uma convers\u00e3o para entrar numa loja de revenda de ve\u00edculos. Ele sofreu uma les\u00e3o forte na cabe\u00e7a e ficou desacordado.<\/p>\n\n\n\n<p><strong>Fonte: As informa\u00e7\u00f5es s\u00e3o do Campo Maior em Foco\/ 180 graus <\/strong><\/p>\n","protected":false},"excerpt":{"rendered":"<p>Um homem ainda n\u00e3o identificado ficou gravemente ferido ao colidir a motocicleta que conduzia com um carro na BR-343 na sa\u00edda de Campo Maior para Piripiri. O SAMU esteve no local e levou o paciente para o Hospital Regional de Campo Maior. Segundo testemunhas, o condutor da moto teria tentado fazer uma ultrapassagem no momento [&hellip;]<\/p>\n","protected":false},"author":4,"featured_media":50255,"comment_status":"open","ping_status":"open","sticky":false,"template":"","format":"standard","meta":{"beyondwords_generate_audio":"1","beyondwords_project_id":"","beyondwords_podcast_id":"","beyondwords_hash":"","beyondwords_error_message":"","beyondwords_disabled":"","publish_post_to_speechkit":"","speechkit_generate_audio":"","speechkit_project_id":"","speechkit_podcast_id":"","speechkit_hash":"","speechkit_error_message":"","speechkit_disabled":"","speechkit_access_key":"","speechkit_error":"","speechkit_info":"","speechkit_response":"","speechkit_retries":"","_speechkit_link":"","_speechkit_text":""},"categories":[51],"tags":[176,252,295,812,713,337,52],"jetpack_featured_media_url":"https:\/\/pinews.com.br\/wp-content\/uploads\/2023\/06\/acidente-deixa-motoqueiro-gravemente-ferido-no-norte-do-piau_2830040832326925284.jpeg","_links":{"self":[{"href":"https:\/\/pinews.com.br\/index.php\/wp-json\/wp\/v2\/posts\/50254"}],"collection":[{"href":"https:\/\/pinews.com.br\/index.php\/wp-json\/wp\/v2\/posts"}],"about":[{"href":"https:\/\/pinews.com.br\/index.php\/wp-json\/wp\/v2\/types\/post"}],"author":[{"embeddable":true,"href":"https:\/\/pinews.com.br\/index.php\/wp-json\/wp\/v2\/users\/4"}],"replies":[{"embeddable":true,"href":"https:\/\/pinews.com.br\/index.php\/wp-json\/wp\/v2\/comments?post=50254"}],"version-history":[{"count":1,"href":"https:\/\/pinews.com.br\/index.php\/wp-json\/wp\/v2\/posts\/50254\/revisions"}],"predecessor-version":[{"id":50256,"href":"https:\/\/pinews.com.br\/index.php\/wp-json\/wp\/v2\/posts\/50254\/revisions\/50256"}],"wp:featuredmedia":[{"embeddable":true,"href":"https:\/\/pinews.com.br\/index.php\/wp-json\/wp\/v2\/media\/50255"}],"wp:attachment":[{"href":"https:\/\/pinews.com.br\/index.php\/wp-json\/wp\/v2\/media?parent=50254"}],"wp:term":[{"taxonomy":"category","embeddable":true,"href":"https:\/\/pinews.com.br\/index.php\/wp-json\/wp\/v2\/categories?post=50254"},{"taxonomy":"post_tag","embeddable":true,"href":"https:\/\/pinews.com.br\/index.php\/wp-json\/wp\/v2\/tags?post=50254"}],"curies":[{"name":"wp","href":"https:\/\/api.w.org\/{rel}","templated":true}]}}