{"id":50353,"date":"2023-06-27T11:54:12","date_gmt":"2023-06-27T14:54:12","guid":{"rendered":"https:\/\/pinews.com.br\/?p=50353"},"modified":"2023-06-27T11:54:15","modified_gmt":"2023-06-27T14:54:15","slug":"em-surto-adolescente-e-apreendido-apos-espancar-o-pai-e-esfaquear-a-mae-no-piaui","status":"publish","type":"post","link":"https:\/\/pinews.com.br\/index.php\/2023\/06\/27\/em-surto-adolescente-e-apreendido-apos-espancar-o-pai-e-esfaquear-a-mae-no-piaui\/","title":{"rendered":"Em surto, adolescente \u00e9 apreendido ap\u00f3s espancar o pai e esfaquear a m\u00e3e no Piau\u00ed"},"content":{"rendered":"\n<p>Um adolescente foi apreendido ap\u00f3s espancar o pai e esfaquear a pr\u00f3pria m\u00e3e, nesta segunda-feira (26). O pai e a m\u00e3e n\u00e3o correm risco de morte.<\/p>\n\n\n\n<p>Segundo o Major Santos, comandante da PM de Valen\u00e7a, o adolescente tem diagn\u00f3stico de transtorno mental e \u00e9 acompanhado pelo Conselho Tutelar e pela rede de prote\u00e7\u00e3o social do munic\u00edpio.<\/p>\n\n\n\n<p>Ele mora com os pais na localidade Buritizal, na zona rural de\u00a0Valen\u00e7a do Piau\u00ed. Na tarde de ter\u00e7a-feira (26), ele teria tido um surto, porque teria pedido uma moto aos pais e o pedido foi negado.<\/p>\n\n\n\n<p>Em surto, o adolescente agrediu o pai com socos e chutes, e quando pegou uma faca para feri-lo, o pai fugiu da casa. Ent\u00e3o ele direcionou a agress\u00e3o \u00e0 m\u00e3e, e a esfaqueou nas costas. A m\u00e3e conseguiu se desvencilhar e fugir.<\/p>\n\n\n\n<p>A PM foi acionada e, ao avistar a viatura, o rapaz se escondeu na mata, mas logo foi localizado e apreendido por uma equipe da For\u00e7a T\u00e1tica.<\/p>\n\n\n\n<p>Os pais n\u00e3o ficaram feridos com gravidade, e passam bem.<\/p>\n\n\n\n<p><strong>Fonte: G1 PI <\/strong><\/p>\n","protected":false},"excerpt":{"rendered":"<p>Um adolescente foi apreendido ap\u00f3s espancar o pai e esfaquear a pr\u00f3pria m\u00e3e, nesta segunda-feira (26). O pai e a m\u00e3e n\u00e3o correm risco de morte. Segundo o Major Santos, comandante da PM de Valen\u00e7a, o adolescente tem diagn\u00f3stico de transtorno mental e \u00e9 acompanhado pelo Conselho Tutelar e pela rede de prote\u00e7\u00e3o social do [&hellip;]<\/p>\n","protected":false},"author":1,"featured_media":50354,"comment_status":"open","ping_status":"open","sticky":false,"template":"","format":"standard","meta":{"beyondwords_generate_audio":"","beyondwords_project_id":"","beyondwords_podcast_id":"","beyondwords_hash":"","beyondwords_error_message":"","beyondwords_disabled":"","publish_post_to_speechkit":"","speechkit_generate_audio":"","speechkit_project_id":"","speechkit_podcast_id":"","speechkit_hash":"","speechkit_error_message":"","speechkit_disabled":"","speechkit_access_key":"","speechkit_error":"","speechkit_info":"","speechkit_response":"","speechkit_retries":"","_speechkit_link":"","_speechkit_text":""},"categories":[51,78],"tags":[177,70,1117,72,46,273,802,117,290,52,7519],"jetpack_featured_media_url":"https:\/\/pinews.com.br\/wp-content\/uploads\/2023\/06\/pm-2.jpg","_links":{"self":[{"href":"https:\/\/pinews.com.br\/index.php\/wp-json\/wp\/v2\/posts\/50353"}],"collection":[{"href":"https:\/\/pinews.com.br\/index.php\/wp-json\/wp\/v2\/posts"}],"about":[{"href":"https:\/\/pinews.com.br\/index.php\/wp-json\/wp\/v2\/types\/post"}],"author":[{"embeddable":true,"href":"https:\/\/pinews.com.br\/index.php\/wp-json\/wp\/v2\/users\/1"}],"replies":[{"embeddable":true,"href":"https:\/\/pinews.com.br\/index.php\/wp-json\/wp\/v2\/comments?post=50353"}],"version-history":[{"count":1,"href":"https:\/\/pinews.com.br\/index.php\/wp-json\/wp\/v2\/posts\/50353\/revisions"}],"predecessor-version":[{"id":50355,"href":"https:\/\/pinews.com.br\/index.php\/wp-json\/wp\/v2\/posts\/50353\/revisions\/50355"}],"wp:featuredmedia":[{"embeddable":true,"href":"https:\/\/pinews.com.br\/index.php\/wp-json\/wp\/v2\/media\/50354"}],"wp:attachment":[{"href":"https:\/\/pinews.com.br\/index.php\/wp-json\/wp\/v2\/media?parent=50353"}],"wp:term":[{"taxonomy":"category","embeddable":true,"href":"https:\/\/pinews.com.br\/index.php\/wp-json\/wp\/v2\/categories?post=50353"},{"taxonomy":"post_tag","embeddable":true,"href":"https:\/\/pinews.com.br\/index.php\/wp-json\/wp\/v2\/tags?post=50353"}],"curies":[{"name":"wp","href":"https:\/\/api.w.org\/{rel}","templated":true}]}}