{"id":50405,"date":"2023-06-28T20:52:58","date_gmt":"2023-06-28T23:52:58","guid":{"rendered":"https:\/\/pinews.com.br\/?p=50405"},"modified":"2023-06-28T20:53:01","modified_gmt":"2023-06-28T23:53:01","slug":"policia-civil-apreende-menores-suspeitos-de-roubar-veiculos-no-piaui","status":"publish","type":"post","link":"https:\/\/pinews.com.br\/index.php\/2023\/06\/28\/policia-civil-apreende-menores-suspeitos-de-roubar-veiculos-no-piaui\/","title":{"rendered":"Pol\u00edcia Civil apreende menores suspeitos de roubar ve\u00edculos no Piau\u00ed"},"content":{"rendered":"\n<p>Pol\u00edcia Civil do Piau\u00ed cumpriu nesta quarta-feira (28\/06), mandados de busca, pris\u00e3o preventiva e de apreens\u00e3o de menores suspeitos de praticarem roubos de carros em Teresina. A a\u00e7\u00e3o foi coordenada pela POLINTER, com apoio da FEISP.<\/p>\n\n\n\n<p>Em mar\u00e7o de 2023, 4 indiv\u00edduos roubaram um ve\u00edculo no bairro Ilhotas, na zona Sul da capital . Ap\u00f3s investiga\u00e7\u00e3o, os policiais da POLINTER prenderam 3 investigados, sendo um deles maior e apreenderam dois menores de idade mediante mandados judiciais. O quarto investigado j\u00e1 foi identificado e encontra-se foragido.<\/p>\n\n\n\n<figure class=\"wp-block-image\"><img decoding=\"async\" src=\"https:\/\/www.meionorte.com\/uploads\/imagens\/2023\/6\/28\/policia-civil-apreende-menores-suspeitos-de-roubar-veiculos-em-teresina-ee2c73ab-9c36-4a7d-9ec0-e4c5e292d191.jpg\" alt=\"Pol\u00edcia Civil apreende menores suspeitos de roubar ve\u00edculos em Teresina  - Imagem 1\"\/><figcaption class=\"wp-element-caption\">Jovens que roubaram carro no bairro Ilhotas Foto: PCPI<\/figcaption><\/figure>\n\n\n\n<p><strong>Carros de luxo roubados em SP s\u00e3o recuperados sendo vendidos no Piau\u00ed<\/strong><\/p>\n\n\n\n<p>A Pol\u00edcia Militar do Piau\u00ed, atrav\u00e9s da 2\u00aa CIA do 14\u00b0 BPM de Simpl\u00edcio Mendes, deflagrou no dia 9 de junho a Opera\u00e7\u00e3o Recovery, com o intuito de recuperar ve\u00edculos roubados em S\u00e3o Paulo e Minas Gerais, que estavam sendo vendidos com apar\u00eancia de legal na cidade de Campinas do Piau\u00ed.<\/p>\n\n\n\n<p>Ao final da opera\u00e7\u00e3o, foram apreendidos 05 carros com restri\u00e7\u00f5es de roubo\/ furto, sendo 4 em Campinas do Piau\u00ed e 1 em Vera Mendes. Al\u00e9m disso, houve a pris\u00e3o de 5 pessoas em posse dos ve\u00edculos, que estavam com placas clonadas para dissimular a situa\u00e7\u00e3o de ilegalidade.<\/p>\n\n\n\n<p>Os ve\u00edculos recuperados foram um Corolla Cross, cor prata, dois Jeep Renegade, um Nissan kicks, cor cinza e um Hyundai Creta, cor branca. Todos com restri\u00e7\u00e3o de roubo\/ furto. Os carros e os envolvidos foram conduzidos para a Delegacia de Pol\u00edcia Civil de Simpl\u00edcio Mendes para as provid\u00eancias cab\u00edveis.<\/p>\n\n\n\n<p><strong>Fonte: Meio Norte<\/strong><\/p>\n","protected":false},"excerpt":{"rendered":"<p>Pol\u00edcia Civil do Piau\u00ed cumpriu nesta quarta-feira (28\/06), mandados de busca, pris\u00e3o preventiva e de apreens\u00e3o de menores suspeitos de praticarem roubos de carros em Teresina. A a\u00e7\u00e3o foi coordenada pela POLINTER, com apoio da FEISP. Em mar\u00e7o de 2023, 4 indiv\u00edduos roubaram um ve\u00edculo no bairro Ilhotas, na zona Sul da capital . Ap\u00f3s [&hellip;]<\/p>\n","protected":false},"author":4,"featured_media":50406,"comment_status":"open","ping_status":"open","sticky":false,"template":"","format":"standard","meta":{"beyondwords_generate_audio":"","beyondwords_project_id":"","beyondwords_podcast_id":"","beyondwords_hash":"","beyondwords_error_message":"","beyondwords_disabled":"","publish_post_to_speechkit":"","speechkit_generate_audio":"","speechkit_project_id":"","speechkit_podcast_id":"","speechkit_hash":"","speechkit_error_message":"","speechkit_disabled":"","speechkit_access_key":"","speechkit_error":"","speechkit_info":"","speechkit_response":"","speechkit_retries":"","_speechkit_link":"","_speechkit_text":""},"categories":[51,78,81],"tags":[105,936,44,996,52,466,351,497,550],"jetpack_featured_media_url":"https:\/\/pinews.com.br\/wp-content\/uploads\/2023\/06\/Menores-apreendidos-1024x576-1.jpg","_links":{"self":[{"href":"https:\/\/pinews.com.br\/index.php\/wp-json\/wp\/v2\/posts\/50405"}],"collection":[{"href":"https:\/\/pinews.com.br\/index.php\/wp-json\/wp\/v2\/posts"}],"about":[{"href":"https:\/\/pinews.com.br\/index.php\/wp-json\/wp\/v2\/types\/post"}],"author":[{"embeddable":true,"href":"https:\/\/pinews.com.br\/index.php\/wp-json\/wp\/v2\/users\/4"}],"replies":[{"embeddable":true,"href":"https:\/\/pinews.com.br\/index.php\/wp-json\/wp\/v2\/comments?post=50405"}],"version-history":[{"count":1,"href":"https:\/\/pinews.com.br\/index.php\/wp-json\/wp\/v2\/posts\/50405\/revisions"}],"predecessor-version":[{"id":50407,"href":"https:\/\/pinews.com.br\/index.php\/wp-json\/wp\/v2\/posts\/50405\/revisions\/50407"}],"wp:featuredmedia":[{"embeddable":true,"href":"https:\/\/pinews.com.br\/index.php\/wp-json\/wp\/v2\/media\/50406"}],"wp:attachment":[{"href":"https:\/\/pinews.com.br\/index.php\/wp-json\/wp\/v2\/media?parent=50405"}],"wp:term":[{"taxonomy":"category","embeddable":true,"href":"https:\/\/pinews.com.br\/index.php\/wp-json\/wp\/v2\/categories?post=50405"},{"taxonomy":"post_tag","embeddable":true,"href":"https:\/\/pinews.com.br\/index.php\/wp-json\/wp\/v2\/tags?post=50405"}],"curies":[{"name":"wp","href":"https:\/\/api.w.org\/{rel}","templated":true}]}}