{"id":50445,"date":"2023-06-29T18:27:25","date_gmt":"2023-06-29T21:27:25","guid":{"rendered":"https:\/\/pinews.com.br\/?p=50445"},"modified":"2023-06-29T18:27:28","modified_gmt":"2023-06-29T21:27:28","slug":"fazendeiro-fica-preso-nas-ferragens-e-morre-em-acidente-com-hilux-no-piaui","status":"publish","type":"post","link":"https:\/\/pinews.com.br\/index.php\/2023\/06\/29\/fazendeiro-fica-preso-nas-ferragens-e-morre-em-acidente-com-hilux-no-piaui\/","title":{"rendered":"Fazendeiro fica preso nas ferragens e morre em acidente com Hilux no Piau\u00ed"},"content":{"rendered":"\n<p>Um fazendeiro identificado como Lu\u00eds Paz, conhecido como Luizinho do Jacar\u00e9, morreu ap\u00f3s perder o controle da Hilux na manh\u00e3 desta quinta-feira (29\/06), na comunidade Fonte Perto, na PI-320, entre a BR-343 e o munic\u00edpio de Nossa Senhora de Nazar\u00e9, no Norte do Piau\u00ed.<\/p>\n\n\n\n<p>A v\u00edtima \u00e9 natural de Campo Maior. Ele&nbsp;estava a caminho de uma propriedade&nbsp;na regi\u00e3o da&nbsp;comunidade Panelas, quando perdeu o controle ve\u00edculo numa curva fechada, segundo a Pol\u00edcia Militar de Nossa Senhora de Nazar\u00e9.<\/p>\n\n\n\n<p>O condutor ficou preso nas ferragens. Ele foi socorrido \u00e0s pressas para o Hospital Regional de Campo Maior (HRCM), mas n\u00e3o resistiu aos ferimentos.<\/p>\n\n\n\n<p><strong>Fonte: 180 graus<\/strong><\/p>\n","protected":false},"excerpt":{"rendered":"<p>Um fazendeiro identificado como Lu\u00eds Paz, conhecido como Luizinho do Jacar\u00e9, morreu ap\u00f3s perder o controle da Hilux na manh\u00e3 desta quinta-feira (29\/06), na comunidade Fonte Perto, na PI-320, entre a BR-343 e o munic\u00edpio de Nossa Senhora de Nazar\u00e9, no Norte do Piau\u00ed. A v\u00edtima \u00e9 natural de Campo Maior. Ele&nbsp;estava a caminho de [&hellip;]<\/p>\n","protected":false},"author":4,"featured_media":50446,"comment_status":"open","ping_status":"open","sticky":false,"template":"","format":"standard","meta":{"beyondwords_generate_audio":"","beyondwords_project_id":"","beyondwords_podcast_id":"","beyondwords_hash":"","beyondwords_error_message":"","beyondwords_disabled":"","publish_post_to_speechkit":"","speechkit_generate_audio":"","speechkit_project_id":"","speechkit_podcast_id":"","speechkit_hash":"","speechkit_error_message":"","speechkit_disabled":"","speechkit_access_key":"","speechkit_error":"","speechkit_info":"","speechkit_response":"","speechkit_retries":"","_speechkit_link":"","_speechkit_text":""},"categories":[51],"tags":[176,46,47,1624,160,6220,119,826,52,79],"jetpack_featured_media_url":"https:\/\/pinews.com.br\/wp-content\/uploads\/2023\/06\/homem-morre-em-acidente-de-carro-em-nossa-senhora-de-nazare_7531489678410252380.jpg","_links":{"self":[{"href":"https:\/\/pinews.com.br\/index.php\/wp-json\/wp\/v2\/posts\/50445"}],"collection":[{"href":"https:\/\/pinews.com.br\/index.php\/wp-json\/wp\/v2\/posts"}],"about":[{"href":"https:\/\/pinews.com.br\/index.php\/wp-json\/wp\/v2\/types\/post"}],"author":[{"embeddable":true,"href":"https:\/\/pinews.com.br\/index.php\/wp-json\/wp\/v2\/users\/4"}],"replies":[{"embeddable":true,"href":"https:\/\/pinews.com.br\/index.php\/wp-json\/wp\/v2\/comments?post=50445"}],"version-history":[{"count":1,"href":"https:\/\/pinews.com.br\/index.php\/wp-json\/wp\/v2\/posts\/50445\/revisions"}],"predecessor-version":[{"id":50447,"href":"https:\/\/pinews.com.br\/index.php\/wp-json\/wp\/v2\/posts\/50445\/revisions\/50447"}],"wp:featuredmedia":[{"embeddable":true,"href":"https:\/\/pinews.com.br\/index.php\/wp-json\/wp\/v2\/media\/50446"}],"wp:attachment":[{"href":"https:\/\/pinews.com.br\/index.php\/wp-json\/wp\/v2\/media?parent=50445"}],"wp:term":[{"taxonomy":"category","embeddable":true,"href":"https:\/\/pinews.com.br\/index.php\/wp-json\/wp\/v2\/categories?post=50445"},{"taxonomy":"post_tag","embeddable":true,"href":"https:\/\/pinews.com.br\/index.php\/wp-json\/wp\/v2\/tags?post=50445"}],"curies":[{"name":"wp","href":"https:\/\/api.w.org\/{rel}","templated":true}]}}