{"id":50469,"date":"2023-06-30T18:08:44","date_gmt":"2023-06-30T21:08:44","guid":{"rendered":"https:\/\/pinews.com.br\/?p=50469"},"modified":"2023-06-30T18:08:46","modified_gmt":"2023-06-30T21:08:46","slug":"por-5-votos-a-2-tse-torna-bolsonaro-inelegivel-por-oito-anos","status":"publish","type":"post","link":"https:\/\/pinews.com.br\/index.php\/2023\/06\/30\/por-5-votos-a-2-tse-torna-bolsonaro-inelegivel-por-oito-anos\/","title":{"rendered":"Por 5 votos a 2, TSE torna Bolsonaro ineleg\u00edvel por oito anos"},"content":{"rendered":"\n<p>Por 5 votos a 2, o Tribunal Superior Eleitoral (TSE) condenou, nesta sexta-feira (30), o ex-presidente Jair Bolsonaro \u00e0 inelegibilidade pelo per\u00edodo de oito anos. Com o entendimento, o ex-presidente fica impedido de disputar as elei\u00e7\u00f5es at\u00e9 2030.&nbsp;Cabe recurso da decis\u00e3o.<img decoding=\"async\" src=\"https:\/\/agenciabrasil.ebc.com.br\/ebc.png?id=1541369&amp;o=node\"><img decoding=\"async\" src=\"https:\/\/agenciabrasil.ebc.com.br\/ebc.gif?id=1541369&amp;o=node\"><\/p>\n\n\n\n<p>O TSE julgou a&nbsp;conduta de Bolsonaro durante reuni\u00e3o realizada com embaixadores, em julho do ano passado, no Pal\u00e1cio da Alvorada, para atacar o sistema eletr\u00f4nico de vota\u00e7\u00e3o.&nbsp;A legalidade do encontro foi questionada pelo PDT.<\/p>\n\n\n\n<p>Mais cedo, ap\u00f3s a maioria de votos formada contra o ex-presidente, o julgamento prosseguiu para tomada do \u00faltimo voto, proferido pelo presidente do tribunal, ministro Alexandre de Moraes, que acompanhou a maioria para condenar Bolsonaro por abuso de poder pol\u00edtico e uso indevido dos meios de comunica\u00e7\u00e3o.&nbsp;<\/p>\n\n\n\n<p>Para o ministro, Bolsonaro usou a estrutura p\u00fablica para fazer ataques ao Poder Judici\u00e1rio e a seus membros durante a reuni\u00e3o e divulgar&nbsp;desinforma\u00e7\u00e3o e not\u00edcias fraudulentas para descredibilizar o&nbsp;sistema de vota\u00e7\u00e3o. Entre as falas, Bolsonaro insinuou que n\u00e3o seria poss\u00edvel auditar os votos dos eleitores.&nbsp;<\/p>\n\n\n\n<p>&#8220;A resposta que a Justi\u00e7a Eleitoral dar\u00e1 a essa quest\u00e3o confirmar\u00e1 a f\u00e9 na democracia, no Estado de Direito, no grau de repulsa ao degradante populismo renascido a partir das chamas do discurso de \u00f3dio, discursos antidemocr\u00e1ticos e que propagam desinforma\u00e7\u00e3o, divulgada por milicianos digitais\u201d, afirmou.&nbsp;<\/p>\n\n\n\n<p>Al\u00e9m de ser realizado no Alvorada, o evento foi pela&nbsp;transmitido pela&nbsp;<strong>TV Brasil<\/strong>, emissora de comunica\u00e7\u00e3o p\u00fablica da&nbsp;<strong>Empresa Brasil de Comunica\u00e7\u00e3o&nbsp;<\/strong>(<strong>EBC<\/strong>).<\/p>\n\n\n\n<h2>Votos<\/h2>\n\n\n\n<p>Ap\u00f3s quatro sess\u00f5es de julgamento, al\u00e9m de Moraes,&nbsp;os ministros Benedito Gon\u00e7alves, Floriano de Azevedo Marques, Andr\u00e9 Ramos Tavares e C\u00e1rmen Lucia votaram pela condena\u00e7\u00e3o do ex-presidente.&nbsp;<\/p>\n\n\n\n<p>Os ministros Raul Ara\u00fajo e Nunes Marques se manifestaram contra a condena\u00e7\u00e3o de Bolsonaro. Para os ministros, a realiza\u00e7\u00e3o da reuni\u00e3o n\u00e3o teve gravidade suficiente para gerar a inelegibilidade.&nbsp;<\/p>\n\n\n\n<h2>Braga Netto&nbsp;<\/h2>\n\n\n\n<p>Por unanimidade, o TSE absolveu o general Braga Netto, candidato a vice-presidente da Rep\u00fablica na chapa de Bolsonaro nas elei\u00e7\u00f5es de 2022. Todos os ministros entenderam que ele n\u00e3o teve rela\u00e7\u00e3o com a reuni\u00e3o. O nome dele foi inclu\u00eddo no processo pelo PDT.<\/p>\n\n\n\n<h2>2030<\/h2>\n\n\n\n<p>Pela legisla\u00e7\u00e3o eleitoral, Bolsonaro fica ineleg\u00edvel por oito anos e s\u00f3 poder\u00e1 voltar a disputar as elei\u00e7\u00f5es em 2030. &nbsp;De acordo com a S\u00famula 69 do TSE, a contagem do prazo come\u00e7a na data do primeiro turno das elei\u00e7\u00f5es de 2022, realizado em 2 de outubro.&nbsp;A inelegibilidade terminar\u00e1 no dia 2 de outubro de 2030, quatro dias antes do primeiro turno, previsto para 6 de outubro.<\/p>\n\n\n\n<h2>Recurso<\/h2>\n\n\n\n<p>A defesa de Bolsonaro poder\u00e1 recorrer ao pr\u00f3prio TSE e ao Supremo Tribunal Federal (STF).&nbsp;Tr\u00eas dos sete ministros do TSE tamb\u00e9m fazem parte do STF e podem participar do julgamento de eventual recurso.<\/p>\n\n\n\n<p>Pelas regras internas da Corte, os ministros que atuam no tribunal eleitoral n\u00e3o ficam impedidos automaticamente de julgar quest\u00f5es constitucionais em processos oriundos do TSE.<\/p>\n\n\n\n<h2>Defesa<\/h2>\n\n\n\n<p>Na \u00faltima quinta-feira (22),&nbsp; primeiro dia de julgamento, a defesa de Bolsonaro alegou que a reuni\u00e3o n\u00e3o teve vi\u00e9s eleitoral e foi feita como \u201ccontraponto institucional\u201d para sugerir mudan\u00e7as no sistema eleitoral.<\/p>\n\n\n\n<p>De acordo com o advogado Tarc\u00edsio Vieira de Carvalho, a reuni\u00e3o ocorreu antes do per\u00edodo eleitoral, em 18 de julho de 2022, quando Bolsonaro n\u00e3o era candidato oficial ao pleito presidencial. Dessa forma, segundo o defensor, caberia apenas multa como puni\u00e7\u00e3o, e n\u00e3o a decreta\u00e7\u00e3o da inelegibilidade.<\/p>\n\n\n\n<p><strong>Fonte: Ag\u00eancia Brasil <\/strong><\/p>\n","protected":false},"excerpt":{"rendered":"<p>Por 5 votos a 2, o Tribunal Superior Eleitoral (TSE) condenou, nesta sexta-feira (30), o ex-presidente Jair Bolsonaro \u00e0 inelegibilidade pelo per\u00edodo de oito anos. Com o entendimento, o ex-presidente fica impedido de disputar as elei\u00e7\u00f5es at\u00e9 2030.&nbsp;Cabe recurso da decis\u00e3o. O TSE julgou a&nbsp;conduta de Bolsonaro durante reuni\u00e3o realizada com embaixadores, em julho do [&hellip;]<\/p>\n","protected":false},"author":1,"featured_media":50470,"comment_status":"open","ping_status":"open","sticky":false,"template":"","format":"standard","meta":{"beyondwords_generate_audio":"","beyondwords_project_id":"","beyondwords_podcast_id":"","beyondwords_hash":"","beyondwords_error_message":"","beyondwords_disabled":"","publish_post_to_speechkit":"","speechkit_generate_audio":"","speechkit_project_id":"","speechkit_podcast_id":"","speechkit_hash":"","speechkit_error_message":"","speechkit_disabled":"","speechkit_access_key":"","speechkit_error":"","speechkit_info":"","speechkit_response":"","speechkit_retries":"","_speechkit_link":"","_speechkit_text":""},"categories":[134,1201],"tags":[82,1202,6435,5522,59,9743,5081,6219],"jetpack_featured_media_url":"https:\/\/pinews.com.br\/wp-content\/uploads\/2023\/06\/julgamento-tse-bolsonaro_mcamgo_abr_30062023-14.jpg","_links":{"self":[{"href":"https:\/\/pinews.com.br\/index.php\/wp-json\/wp\/v2\/posts\/50469"}],"collection":[{"href":"https:\/\/pinews.com.br\/index.php\/wp-json\/wp\/v2\/posts"}],"about":[{"href":"https:\/\/pinews.com.br\/index.php\/wp-json\/wp\/v2\/types\/post"}],"author":[{"embeddable":true,"href":"https:\/\/pinews.com.br\/index.php\/wp-json\/wp\/v2\/users\/1"}],"replies":[{"embeddable":true,"href":"https:\/\/pinews.com.br\/index.php\/wp-json\/wp\/v2\/comments?post=50469"}],"version-history":[{"count":1,"href":"https:\/\/pinews.com.br\/index.php\/wp-json\/wp\/v2\/posts\/50469\/revisions"}],"predecessor-version":[{"id":50471,"href":"https:\/\/pinews.com.br\/index.php\/wp-json\/wp\/v2\/posts\/50469\/revisions\/50471"}],"wp:featuredmedia":[{"embeddable":true,"href":"https:\/\/pinews.com.br\/index.php\/wp-json\/wp\/v2\/media\/50470"}],"wp:attachment":[{"href":"https:\/\/pinews.com.br\/index.php\/wp-json\/wp\/v2\/media?parent=50469"}],"wp:term":[{"taxonomy":"category","embeddable":true,"href":"https:\/\/pinews.com.br\/index.php\/wp-json\/wp\/v2\/categories?post=50469"},{"taxonomy":"post_tag","embeddable":true,"href":"https:\/\/pinews.com.br\/index.php\/wp-json\/wp\/v2\/tags?post=50469"}],"curies":[{"name":"wp","href":"https:\/\/api.w.org\/{rel}","templated":true}]}}