{"id":50482,"date":"2023-06-30T18:22:55","date_gmt":"2023-06-30T21:22:55","guid":{"rendered":"https:\/\/pinews.com.br\/?p=50482"},"modified":"2023-06-30T18:22:58","modified_gmt":"2023-06-30T21:22:58","slug":"menino-de-7-anos-morre-no-litoral-do-piaui-apos-ser-atingido-na-cabeca-por-caixa-de-som","status":"publish","type":"post","link":"https:\/\/pinews.com.br\/index.php\/2023\/06\/30\/menino-de-7-anos-morre-no-litoral-do-piaui-apos-ser-atingido-na-cabeca-por-caixa-de-som\/","title":{"rendered":"Menino de 7 anos morre no litoral do Piau\u00ed ap\u00f3s ser atingido na cabe\u00e7a por caixa de som"},"content":{"rendered":"\n<p>Davi Almeida Cardoso, 7 anos, morreu na noite dessa quinta-feira (29), depois que uma caixa de som caiu sobre sua cabe\u00e7a. A crian\u00e7a estaria participando de uma atividade escolar. N\u00e3o foi informada a escola em que o menino estava.<\/p>\n\n\n\n<p>A\u00a0TV Clube\u00a0apurou que crian\u00e7a morreu v\u00edtima de traumatismo craniano. O acidente aconteceu em Canabrava, Maranh\u00e3o, mas a fam\u00edlia buscou atendimento m\u00e9dico em\u00a0Parna\u00edba.<\/p>\n\n\n\n<p>Ele chegou a receber atendimento m\u00e9dico, mas faleceu em seguida. Segundo o pai da crian\u00e7a relatou, a caixa de som estava em uma carrocinha e caiu sobre o menino, o atingido na cabe\u00e7a.<\/p>\n\n\n\n<p><strong>Fonte: G1 Pl <\/strong><\/p>\n","protected":false},"excerpt":{"rendered":"<p>Davi Almeida Cardoso, 7 anos, morreu na noite dessa quinta-feira (29), depois que uma caixa de som caiu sobre sua cabe\u00e7a. A crian\u00e7a estaria participando de uma atividade escolar. N\u00e3o foi informada a escola em que o menino estava. A\u00a0TV Clube\u00a0apurou que crian\u00e7a morreu v\u00edtima de traumatismo craniano. O acidente aconteceu em Canabrava, Maranh\u00e3o, mas [&hellip;]<\/p>\n","protected":false},"author":4,"featured_media":50483,"comment_status":"open","ping_status":"open","sticky":false,"template":"","format":"standard","meta":{"beyondwords_generate_audio":"1","beyondwords_project_id":"","beyondwords_podcast_id":"","beyondwords_hash":"","beyondwords_error_message":"","beyondwords_disabled":"","publish_post_to_speechkit":"","speechkit_generate_audio":"","speechkit_project_id":"","speechkit_podcast_id":"","speechkit_hash":"","speechkit_error_message":"","speechkit_disabled":"","speechkit_access_key":"","speechkit_error":"","speechkit_info":"","speechkit_response":"","speechkit_retries":"","_speechkit_link":"","_speechkit_text":""},"categories":[51],"tags":[82,70,327,750,662,44,202,1267,119,91,52,59,139,6130],"jetpack_featured_media_url":"https:\/\/pinews.com.br\/wp-content\/uploads\/2023\/06\/iml-parnaiba-1.jpg","_links":{"self":[{"href":"https:\/\/pinews.com.br\/index.php\/wp-json\/wp\/v2\/posts\/50482"}],"collection":[{"href":"https:\/\/pinews.com.br\/index.php\/wp-json\/wp\/v2\/posts"}],"about":[{"href":"https:\/\/pinews.com.br\/index.php\/wp-json\/wp\/v2\/types\/post"}],"author":[{"embeddable":true,"href":"https:\/\/pinews.com.br\/index.php\/wp-json\/wp\/v2\/users\/4"}],"replies":[{"embeddable":true,"href":"https:\/\/pinews.com.br\/index.php\/wp-json\/wp\/v2\/comments?post=50482"}],"version-history":[{"count":1,"href":"https:\/\/pinews.com.br\/index.php\/wp-json\/wp\/v2\/posts\/50482\/revisions"}],"predecessor-version":[{"id":50484,"href":"https:\/\/pinews.com.br\/index.php\/wp-json\/wp\/v2\/posts\/50482\/revisions\/50484"}],"wp:featuredmedia":[{"embeddable":true,"href":"https:\/\/pinews.com.br\/index.php\/wp-json\/wp\/v2\/media\/50483"}],"wp:attachment":[{"href":"https:\/\/pinews.com.br\/index.php\/wp-json\/wp\/v2\/media?parent=50482"}],"wp:term":[{"taxonomy":"category","embeddable":true,"href":"https:\/\/pinews.com.br\/index.php\/wp-json\/wp\/v2\/categories?post=50482"},{"taxonomy":"post_tag","embeddable":true,"href":"https:\/\/pinews.com.br\/index.php\/wp-json\/wp\/v2\/tags?post=50482"}],"curies":[{"name":"wp","href":"https:\/\/api.w.org\/{rel}","templated":true}]}}