{"id":50493,"date":"2023-07-01T10:55:44","date_gmt":"2023-07-01T13:55:44","guid":{"rendered":"https:\/\/pinews.com.br\/?p=50493"},"modified":"2023-07-01T10:55:47","modified_gmt":"2023-07-01T13:55:47","slug":"no-piaui-pai-entrega-o-proprio-filho-para-a-policia-por-nao-aguentar-mais-apanhar-dele","status":"publish","type":"post","link":"https:\/\/pinews.com.br\/index.php\/2023\/07\/01\/no-piaui-pai-entrega-o-proprio-filho-para-a-policia-por-nao-aguentar-mais-apanhar-dele\/","title":{"rendered":"No Piau\u00ed, pai entrega o pr\u00f3prio filho para a pol\u00edcia por \u201cn\u00e3o aguentar mais apanhar dele\u201d"},"content":{"rendered":"\n<p>Um senhor de 69 anos esteve ontem (29) na\u00a0Central de Flagrantes\u00a0de Teresina para\u00a0entregar o pr\u00f3prio filho para a pol\u00edcia\u00a0por \u201cn\u00e3o aguentar mais apanhar dele\u201d. Marcelino Domingos relatou \u00e0\u00a0reportagem de O Dia\u00a0que o filho, de 44 anos, fica bastante agressivo e at\u00e9 mesmo incontrol\u00e1vel quando bebe ou faz uso de entorpecentes, e que j\u00e1 perdeu as contas de quantas vezes foi agredido por ele nesses momentos.<\/p>\n\n\n\n<p>Ele lembra que o filho, identificado como Domingos C\u00e9sar, j\u00e1 chegou a ser preso em outras ocasi\u00f5es por\u00a0les\u00e3o corporal\u00a0e at\u00e9 mesmo por ter agredido um policial. Os momentos de agressividade, o senhor Marcelino diz, come\u00e7aram depois que Domingos come\u00e7ou a fazer\u00a0uso de entorpecentes, e ficam ainda piores quando o filho mistura a droga com o \u00e1lcool.<\/p>\n\n\n\n<p>Ao entregar o filho para a pol\u00edcia, o senhor afirmou que o fez pela pr\u00f3pria seguran\u00e7a e pela seguran\u00e7a de Domingos. \u201cEu n\u00e3o tenho como ficar com ele em casa. \u00c9 do\u00eddo para mim como pai, porque eu n\u00e3o queria ver ningu\u00e9m matar ele, mas eu tamb\u00e9m quero que ele fique guardado, porque ele tem dois filhos adolescentes e pode at\u00e9 fazer mal a eles. Isso eu n\u00e3o quero\u201d, finaliza Marcelino.<\/p>\n\n\n\n<p>Domingos foi autuado na Central de Flagrantes nesta quinta-feira (29) por ter tentado mais uma vez agredir o pai. Ele permaneceu detido enquanto a fam\u00edlia retornou para a localidade onde vivem, na zona Rural de Alto Long\u00e1.<\/p>\n\n\n\n<p><strong>Fonte: O Dia\/ Com informa\u00e7\u00f5es de Chico Filho<\/strong><\/p>\n","protected":false},"excerpt":{"rendered":"<p>Um senhor de 69 anos esteve ontem (29) na\u00a0Central de Flagrantes\u00a0de Teresina para\u00a0entregar o pr\u00f3prio filho para a pol\u00edcia\u00a0por \u201cn\u00e3o aguentar mais apanhar dele\u201d. Marcelino Domingos relatou \u00e0\u00a0reportagem de O Dia\u00a0que o filho, de 44 anos, fica bastante agressivo e at\u00e9 mesmo incontrol\u00e1vel quando bebe ou faz uso de entorpecentes, e que j\u00e1 perdeu as [&hellip;]<\/p>\n","protected":false},"author":1,"featured_media":50494,"comment_status":"open","ping_status":"open","sticky":false,"template":"","format":"standard","meta":{"beyondwords_generate_audio":"","beyondwords_project_id":"","beyondwords_podcast_id":"","beyondwords_hash":"","beyondwords_error_message":"","beyondwords_disabled":"","publish_post_to_speechkit":"","speechkit_generate_audio":"","speechkit_project_id":"","speechkit_podcast_id":"","speechkit_hash":"","speechkit_error_message":"","speechkit_disabled":"","speechkit_access_key":"","speechkit_error":"","speechkit_info":"","speechkit_response":"","speechkit_retries":"","_speechkit_link":"","_speechkit_text":""},"categories":[51,78],"tags":[11595,11596,385,2502,289,76,653,290,350,52,466,59,86],"jetpack_featured_media_url":"https:\/\/pinews.com.br\/wp-content\/uploads\/2023\/07\/jpg_20230701_102452_0000-1024x683-1.jpg","_links":{"self":[{"href":"https:\/\/pinews.com.br\/index.php\/wp-json\/wp\/v2\/posts\/50493"}],"collection":[{"href":"https:\/\/pinews.com.br\/index.php\/wp-json\/wp\/v2\/posts"}],"about":[{"href":"https:\/\/pinews.com.br\/index.php\/wp-json\/wp\/v2\/types\/post"}],"author":[{"embeddable":true,"href":"https:\/\/pinews.com.br\/index.php\/wp-json\/wp\/v2\/users\/1"}],"replies":[{"embeddable":true,"href":"https:\/\/pinews.com.br\/index.php\/wp-json\/wp\/v2\/comments?post=50493"}],"version-history":[{"count":1,"href":"https:\/\/pinews.com.br\/index.php\/wp-json\/wp\/v2\/posts\/50493\/revisions"}],"predecessor-version":[{"id":50495,"href":"https:\/\/pinews.com.br\/index.php\/wp-json\/wp\/v2\/posts\/50493\/revisions\/50495"}],"wp:featuredmedia":[{"embeddable":true,"href":"https:\/\/pinews.com.br\/index.php\/wp-json\/wp\/v2\/media\/50494"}],"wp:attachment":[{"href":"https:\/\/pinews.com.br\/index.php\/wp-json\/wp\/v2\/media?parent=50493"}],"wp:term":[{"taxonomy":"category","embeddable":true,"href":"https:\/\/pinews.com.br\/index.php\/wp-json\/wp\/v2\/categories?post=50493"},{"taxonomy":"post_tag","embeddable":true,"href":"https:\/\/pinews.com.br\/index.php\/wp-json\/wp\/v2\/tags?post=50493"}],"curies":[{"name":"wp","href":"https:\/\/api.w.org\/{rel}","templated":true}]}}