{"id":505,"date":"2019-07-16T11:18:39","date_gmt":"2019-07-16T14:18:39","guid":{"rendered":"https:\/\/pinews.com.br\/?p=505"},"modified":"2019-07-16T11:18:39","modified_gmt":"2019-07-16T14:18:39","slug":"proibicao-de-telemarketing-de-telefonicas-comeca-nesta-terca-feira","status":"publish","type":"post","link":"https:\/\/pinews.com.br\/index.php\/2019\/07\/16\/proibicao-de-telemarketing-de-telefonicas-comeca-nesta-terca-feira\/","title":{"rendered":"Proibi\u00e7\u00e3o de telemarketing de telef\u00f4nicas come\u00e7a nesta ter\u00e7a-feira"},"content":{"rendered":"\n<p>Por <strong>Reda\u00e7\u00e3o PI News<\/strong> &#8211; 16 de Julho de 2019<\/p>\n\n\n\n<p style=\"text-align:justify\">Entra em vigor nesta ter\u00e7a-feira (16) a lista N\u00e3o Perturbe para as operadoras de telecomunica\u00e7\u00f5es. Os clientes inclu\u00eddos nesse grupo n\u00e3o poder\u00e3o ser objeto de liga\u00e7\u00f5es de telemarketing de empresas para a venda de servi\u00e7os, como pacotes de telefonia, acesso \u00e0 internet e TV paga. A medida foi uma determina\u00e7\u00e3o da Ag\u00eancia Nacional de Telecomunica\u00e7\u00f5es (Anatel).<\/p>\n\n\n\n<p style=\"text-align:justify\">As pessoas que n\u00e3o desejarem receber esse tipo de chamada podem incluir seu nome no&nbsp;<a href=\"https:\/\/www.naomeperturbe.com.br\/\" target=\"_blank\" rel=\"noreferrer noopener\"><em>site&nbsp;<\/em><\/a>criado para a iniciativa, no ar a partir desta ter\u00e7a-feira (16).<\/p>\n\n\n\n<p style=\"text-align:justify\">A lista vai ser \u00fanica e atingir\u00e1 as principais empresas do setor: Algar, Claro\/Net, Nextel, Oi, Sercomtel, Sky, TIM e Vivo. Essas empresas tamb\u00e9m dever\u00e3o, nesse prazo, criar e divulgar amplamente um canal por meio do qual o consumidor possa manifestar o seu desejo de n\u00e3o receber liga\u00e7\u00f5es.<\/p>\n\n\n\n<p style=\"text-align:justify\">Segundo a Anatel, se uma pessoa solicitar a sua inclus\u00e3o e continuar recebendo liga\u00e7\u00f5es de oferta de bens e servi\u00e7os de telecomunica\u00e7\u00f5es, ele pode ligar para o n\u00famero 1331 e fazer uma reclama\u00e7\u00e3o. As san\u00e7\u00f5es podem variar de advert\u00eancia a multa de at\u00e9 R$ 50 milh\u00f5es.<\/p>\n\n\n\n<h2>Outras medidas<\/h2>\n\n\n\n<p style=\"text-align:justify\">Outra decis\u00e3o da Anatel \u00e9 que essas empresas n\u00e3o poder\u00e3o mais efetuar liga\u00e7\u00f5es telef\u00f4nicas com o objetivo de oferecer seus pacotes ou servi\u00e7os de telecomunica\u00e7\u00f5es para os consumidores que registrarem o n\u00famero na lista nacional a ser criada.<\/p>\n\n\n\n<p style=\"text-align:justify\">As companhias v\u00e3o ter de abrir canais para que seus clientes possam solicitar a inclus\u00e3o no grupo, que passar\u00e1 a n\u00e3o poder mais receber liga\u00e7\u00f5es com ofertas de servi\u00e7os de telecomunica\u00e7\u00f5es. Assim, na pr\u00e1tica, as empresas ficam impedidas se oferecer seus produtos e servi\u00e7os utilizando o telemarketing.<\/p>\n\n\n\n<p style=\"text-align:justify\">A ag\u00eancia determinou ainda que as \u00e1reas t\u00e9cnicas estudem medidas para combater os inc\u00f4modos gerados por liga\u00e7\u00f5es mudas e realizadas por rob\u00f4s, mesmo as que tenham por objetivo vender servi\u00e7os de empresas de setores n\u00e3o regulados pela Anatel. Segundo a Anatel, estudos de mercado estimam que pelo menos um ter\u00e7o das liga\u00e7\u00f5es indesejadas no Brasil s\u00e3o realizadas com o objetivo de vender servi\u00e7os de telecomunica\u00e7\u00f5es.<\/p>\n\n\n\n<p style=\"text-align:justify\">Al\u00e9m dessa iniciativa, a Anatel deve discutir novas a\u00e7\u00f5es relacionadas \u00e0 pr\u00e1tica do telemarketing. De acordo com o comunicado do \u00f3rg\u00e3o, o Conselho Diretor da autoridade solicitou que a \u00e1rea t\u00e9cnica elabore propostas para limitar os abusos nessas chamadas, mesmo que de outros servi\u00e7os fora da \u00e1rea de telecomunica\u00e7\u00f5es.<\/p>\n\n\n\n<p><strong>Fonte: Ag\u00eancia Brasil<\/strong><\/p>\n\n\n\n<figure class=\"wp-block-image\"><img decoding=\"async\" src=\"https:\/\/pinews.com.br\/wp-content\/uploads\/2019\/07\/banner-ramon-cds.jpg\" alt=\"\" class=\"wp-image-218\"\/><\/figure>\n","protected":false},"excerpt":{"rendered":"<p>Por Reda\u00e7\u00e3o PI News &#8211; 16 de Julho de 2019 Entra em vigor nesta ter\u00e7a-feira (16) a lista N\u00e3o Perturbe para as operadoras de telecomunica\u00e7\u00f5es. Os clientes inclu\u00eddos nesse grupo n\u00e3o poder\u00e3o ser objeto de liga\u00e7\u00f5es de telemarketing de empresas para a venda de servi\u00e7os, como pacotes de telefonia, acesso \u00e0 internet e TV paga. [&hellip;]<\/p>\n","protected":false},"author":1,"featured_media":506,"comment_status":"open","ping_status":"open","sticky":false,"template":"","format":"standard","meta":{"beyondwords_generate_audio":"","beyondwords_project_id":"","beyondwords_podcast_id":"","beyondwords_hash":"","beyondwords_error_message":"","beyondwords_disabled":"","publish_post_to_speechkit":"","speechkit_generate_audio":"","speechkit_project_id":"","speechkit_podcast_id":"","speechkit_hash":"","speechkit_error_message":"","speechkit_disabled":"","speechkit_access_key":"","speechkit_error":"","speechkit_info":"","speechkit_response":"","speechkit_retries":"","_speechkit_link":"","_speechkit_text":""},"categories":[1184,134],"tags":[1274,1275,1276],"jetpack_featured_media_url":"","_links":{"self":[{"href":"https:\/\/pinews.com.br\/index.php\/wp-json\/wp\/v2\/posts\/505"}],"collection":[{"href":"https:\/\/pinews.com.br\/index.php\/wp-json\/wp\/v2\/posts"}],"about":[{"href":"https:\/\/pinews.com.br\/index.php\/wp-json\/wp\/v2\/types\/post"}],"author":[{"embeddable":true,"href":"https:\/\/pinews.com.br\/index.php\/wp-json\/wp\/v2\/users\/1"}],"replies":[{"embeddable":true,"href":"https:\/\/pinews.com.br\/index.php\/wp-json\/wp\/v2\/comments?post=505"}],"version-history":[{"count":0,"href":"https:\/\/pinews.com.br\/index.php\/wp-json\/wp\/v2\/posts\/505\/revisions"}],"wp:featuredmedia":[{"embeddable":true,"href":"https:\/\/pinews.com.br\/index.php\/wp-json\/"}],"wp:attachment":[{"href":"https:\/\/pinews.com.br\/index.php\/wp-json\/wp\/v2\/media?parent=505"}],"wp:term":[{"taxonomy":"category","embeddable":true,"href":"https:\/\/pinews.com.br\/index.php\/wp-json\/wp\/v2\/categories?post=505"},{"taxonomy":"post_tag","embeddable":true,"href":"https:\/\/pinews.com.br\/index.php\/wp-json\/wp\/v2\/tags?post=505"}],"curies":[{"name":"wp","href":"https:\/\/api.w.org\/{rel}","templated":true}]}}