{"id":50648,"date":"2023-07-06T17:51:45","date_gmt":"2023-07-06T20:51:45","guid":{"rendered":"https:\/\/pinews.com.br\/?p=50648"},"modified":"2023-07-06T17:51:48","modified_gmt":"2023-07-06T20:51:48","slug":"suspeito-de-integrar-gang-do-aplicativo-e-assaltar-motoristas-e-preso-no-piaui","status":"publish","type":"post","link":"https:\/\/pinews.com.br\/index.php\/2023\/07\/06\/suspeito-de-integrar-gang-do-aplicativo-e-assaltar-motoristas-e-preso-no-piaui\/","title":{"rendered":"Suspeito de integrar &#8216;Gang do aplicativo&#8217; e assaltar motoristas \u00e9 preso\u00a0no Piau\u00ed"},"content":{"rendered":"\n<p>Na \u00faltima quarta-feira (05\/07), a Pol\u00edcia Civil do Piau\u00ed, por meio do 6\u00aa Distrito Policial, com o aux\u00edlio do 8\u00ba Batalh\u00e3o de Pol\u00edcia Militar, deu cumprimento ao mandado de pris\u00e3o preventiva contra um homem identificado pelas iniciais G. A. S, suspeito de participar da &#8220;Gang do aplicativo&#8221;, na regi\u00e3o da Zona Sul de Teresina.\u00a0<\/p>\n\n\n\n<p>O suspeito atra\u00eda as v\u00edtimas por meio de aplicativo, para fazer corridas em v\u00e1rios bairros da cidade e ao chegar no local o suspeito anunciava o assalto. At\u00e9 o momento, foram registrados 20 boletins de ocorr\u00eancias contra o suspeito.&nbsp;<\/p>\n\n\n\n<p>De acordo com as investiga\u00e7\u00f5es, o acusado n\u00e3o agia \u00a0sozinho. O grupo \u00e9 composto por seis a oito criminosos, que tamb\u00e9m s\u00e3o suspeitos de crimes de recepta\u00e7\u00e3o e tr\u00e1fico de drogas, na regi\u00e3o da Ilhotas e Pi\u00e7arra.<\/p>\n\n\n\n<p><strong>Fonte: 180 graus<\/strong><\/p>\n","protected":false},"excerpt":{"rendered":"<p>Na \u00faltima quarta-feira (05\/07), a Pol\u00edcia Civil do Piau\u00ed, por meio do 6\u00aa Distrito Policial, com o aux\u00edlio do 8\u00ba Batalh\u00e3o de Pol\u00edcia Militar, deu cumprimento ao mandado de pris\u00e3o preventiva contra um homem identificado pelas iniciais G. A. S, suspeito de participar da &#8220;Gang do aplicativo&#8221;, na regi\u00e3o da Zona Sul de Teresina.\u00a0 O [&hellip;]<\/p>\n","protected":false},"author":4,"featured_media":50649,"comment_status":"open","ping_status":"open","sticky":false,"template":"","format":"standard","meta":{"beyondwords_generate_audio":"","beyondwords_project_id":"","beyondwords_podcast_id":"","beyondwords_hash":"","beyondwords_error_message":"","beyondwords_disabled":"","publish_post_to_speechkit":"","speechkit_generate_audio":"","speechkit_project_id":"","speechkit_podcast_id":"","speechkit_hash":"","speechkit_error_message":"","speechkit_disabled":"","speechkit_access_key":"","speechkit_error":"","speechkit_info":"","speechkit_response":"","speechkit_retries":"","_speechkit_link":"","_speechkit_text":""},"categories":[51,78,81],"tags":[853,734,44,72,11614,618,2075,52,696,130],"jetpack_featured_media_url":"https:\/\/pinews.com.br\/wp-content\/uploads\/2023\/07\/suspeito-de-assaltos-e-preso-em-teresina_-3933218163640631570.jpg","_links":{"self":[{"href":"https:\/\/pinews.com.br\/index.php\/wp-json\/wp\/v2\/posts\/50648"}],"collection":[{"href":"https:\/\/pinews.com.br\/index.php\/wp-json\/wp\/v2\/posts"}],"about":[{"href":"https:\/\/pinews.com.br\/index.php\/wp-json\/wp\/v2\/types\/post"}],"author":[{"embeddable":true,"href":"https:\/\/pinews.com.br\/index.php\/wp-json\/wp\/v2\/users\/4"}],"replies":[{"embeddable":true,"href":"https:\/\/pinews.com.br\/index.php\/wp-json\/wp\/v2\/comments?post=50648"}],"version-history":[{"count":1,"href":"https:\/\/pinews.com.br\/index.php\/wp-json\/wp\/v2\/posts\/50648\/revisions"}],"predecessor-version":[{"id":50650,"href":"https:\/\/pinews.com.br\/index.php\/wp-json\/wp\/v2\/posts\/50648\/revisions\/50650"}],"wp:featuredmedia":[{"embeddable":true,"href":"https:\/\/pinews.com.br\/index.php\/wp-json\/wp\/v2\/media\/50649"}],"wp:attachment":[{"href":"https:\/\/pinews.com.br\/index.php\/wp-json\/wp\/v2\/media?parent=50648"}],"wp:term":[{"taxonomy":"category","embeddable":true,"href":"https:\/\/pinews.com.br\/index.php\/wp-json\/wp\/v2\/categories?post=50648"},{"taxonomy":"post_tag","embeddable":true,"href":"https:\/\/pinews.com.br\/index.php\/wp-json\/wp\/v2\/tags?post=50648"}],"curies":[{"name":"wp","href":"https:\/\/api.w.org\/{rel}","templated":true}]}}