{"id":50657,"date":"2023-07-06T17:58:55","date_gmt":"2023-07-06T20:58:55","guid":{"rendered":"https:\/\/pinews.com.br\/?p=50657"},"modified":"2023-07-06T17:58:58","modified_gmt":"2023-07-06T20:58:58","slug":"prf-apreende-carga-com-59-celulares-sem-nota-fiscal-na-br-343-no-piaui","status":"publish","type":"post","link":"https:\/\/pinews.com.br\/index.php\/2023\/07\/06\/prf-apreende-carga-com-59-celulares-sem-nota-fiscal-na-br-343-no-piaui\/","title":{"rendered":"PRF apreende carga com 59 celulares sem nota fiscal na BR-343 no Piau\u00ed"},"content":{"rendered":"\n<p>A Pol\u00edcia Rodovi\u00e1ria Federal (PRF) apreendeu &nbsp;59 celulares sem nota fiscal na tarde de ontem (5), durante fiscaliza\u00e7\u00e3o na BR 343, em Piripiri, a 161 km de Teresina.<\/p>\n\n\n\n<p>A equipe fez uma abordagem a um ve\u00edculo, que era ocupado pelo condutor, um homem de 30 anos, e por um passageiro, com idade de 33 anos. Durante a abordagem, os agentes questionaram o motorista sobre a proced\u00eancia dos celulares que estavam no ve\u00edculo, momento em que informou tratar-se de encomendas.&nbsp;<\/p>\n\n\n\n<p>Os policiais iniciaram uma inspe\u00e7\u00e3o nas cargas e notas fiscais apresentadas. Como resultado da a\u00e7\u00e3o, foram encontrados, no compartimento de cargas, 59 aparelhos celulares de diversas marcas, distribu\u00eddos em duas caixas, todos sem nota fiscal.&nbsp;<\/p>\n\n\n\n<p>Questionados, os dois homens afirmaram n\u00e3o saber da proced\u00eancia dos aparelhos. No entanto, o condutor disse que a carga foi recolhida em Teresina e seria entregue em Pedro II, para um homem residente do munic\u00edpio.<\/p>\n\n\n\n<p>Todos os produtos foram apreendidos e encaminhados para a Delegacia de Pol\u00edcia Federal de Parna\u00edba.<\/p>\n\n\n\n<p><strong>Fonte: Cidade Verde <\/strong><\/p>\n","protected":false},"excerpt":{"rendered":"<p>A Pol\u00edcia Rodovi\u00e1ria Federal (PRF) apreendeu &nbsp;59 celulares sem nota fiscal na tarde de ontem (5), durante fiscaliza\u00e7\u00e3o na BR 343, em Piripiri, a 161 km de Teresina. A equipe fez uma abordagem a um ve\u00edculo, que era ocupado pelo condutor, um homem de 30 anos, e por um passageiro, com idade de 33 anos. [&hellip;]<\/p>\n","protected":false},"author":4,"featured_media":50658,"comment_status":"open","ping_status":"open","sticky":false,"template":"","format":"standard","meta":{"beyondwords_generate_audio":"","beyondwords_project_id":"","beyondwords_podcast_id":"","beyondwords_hash":"","beyondwords_error_message":"","beyondwords_disabled":"","publish_post_to_speechkit":"","speechkit_generate_audio":"","speechkit_project_id":"","speechkit_podcast_id":"","speechkit_hash":"","speechkit_error_message":"","speechkit_disabled":"","speechkit_access_key":"","speechkit_error":"","speechkit_info":"","speechkit_response":"","speechkit_retries":"","_speechkit_link":"","_speechkit_text":""},"categories":[51,78],"tags":[9702,105,377,100,658,1591,91,6354,52,104,975],"jetpack_featured_media_url":"https:\/\/pinews.com.br\/wp-content\/uploads\/2023\/07\/prf_piddd.jpg","_links":{"self":[{"href":"https:\/\/pinews.com.br\/index.php\/wp-json\/wp\/v2\/posts\/50657"}],"collection":[{"href":"https:\/\/pinews.com.br\/index.php\/wp-json\/wp\/v2\/posts"}],"about":[{"href":"https:\/\/pinews.com.br\/index.php\/wp-json\/wp\/v2\/types\/post"}],"author":[{"embeddable":true,"href":"https:\/\/pinews.com.br\/index.php\/wp-json\/wp\/v2\/users\/4"}],"replies":[{"embeddable":true,"href":"https:\/\/pinews.com.br\/index.php\/wp-json\/wp\/v2\/comments?post=50657"}],"version-history":[{"count":1,"href":"https:\/\/pinews.com.br\/index.php\/wp-json\/wp\/v2\/posts\/50657\/revisions"}],"predecessor-version":[{"id":50659,"href":"https:\/\/pinews.com.br\/index.php\/wp-json\/wp\/v2\/posts\/50657\/revisions\/50659"}],"wp:featuredmedia":[{"embeddable":true,"href":"https:\/\/pinews.com.br\/index.php\/wp-json\/wp\/v2\/media\/50658"}],"wp:attachment":[{"href":"https:\/\/pinews.com.br\/index.php\/wp-json\/wp\/v2\/media?parent=50657"}],"wp:term":[{"taxonomy":"category","embeddable":true,"href":"https:\/\/pinews.com.br\/index.php\/wp-json\/wp\/v2\/categories?post=50657"},{"taxonomy":"post_tag","embeddable":true,"href":"https:\/\/pinews.com.br\/index.php\/wp-json\/wp\/v2\/tags?post=50657"}],"curies":[{"name":"wp","href":"https:\/\/api.w.org\/{rel}","templated":true}]}}