{"id":50863,"date":"2023-07-13T11:05:38","date_gmt":"2023-07-13T14:05:38","guid":{"rendered":"https:\/\/pinews.com.br\/?p=50863"},"modified":"2023-07-13T11:05:40","modified_gmt":"2023-07-13T14:05:40","slug":"jovem-de-20-anos-de-belem-do-piaui-cria-projeto-para-mapear-bibliotecas-pelo-brasil-e-estimula-habito-da-leitura-conheca-o-leitura-ativa","status":"publish","type":"post","link":"https:\/\/pinews.com.br\/index.php\/2023\/07\/13\/jovem-de-20-anos-de-belem-do-piaui-cria-projeto-para-mapear-bibliotecas-pelo-brasil-e-estimula-habito-da-leitura-conheca-o-leitura-ativa\/","title":{"rendered":"Jovem de 20 anos de Bel\u00e9m do Piau\u00ed cria projeto para mapear bibliotecas pelo Brasil e estimula h\u00e1bito da leitura; conhe\u00e7a o &#8216;Leitura Ativa&#8217;"},"content":{"rendered":"\n<p>O piauiense Raisl\u00facio Leal, de 20 anos, desenvolveu um projeto para incentivar o h\u00e1bito da leitura e mapear bibliotecas p\u00fablicas por todo o Brasil. Em junho deste ano, o idealizador do\u00a0\u201cLeitura Ativa\u201d\u00a0foi reconhecido como um Jovem Transformador pela Ashoka, organiza\u00e7\u00e3o mundial de empreendedorismo social.<\/p>\n\n\n\n<p>A iniciativa possui duas frentes: Clube do Livro, um espa\u00e7o online onde jovens brasileiros conversam, debatem e refletem sobre literatura; e Mapeadores, que re\u00fane dados de bibliotecas p\u00fablicas espalhadas pelo pa\u00eds, a fim de que os jovens conhe\u00e7am os espa\u00e7os onde podem ler gratuitamente.<\/p>\n\n\n\n<figure class=\"wp-block-image\"><img decoding=\"async\" src=\"https:\/\/s2-g1.glbimg.com\/xIkZufoIUDsnxj8uf36KMufvUB4=\/0x0:1080x1080\/984x0\/smart\/filters:strip_icc()\/i.s3.glbimg.com\/v1\/AUTH_59edd422c0c84a879bd37670ae4f538a\/internal_photos\/bs\/2023\/U\/b\/3ROpd5RoaNaUqZGt5x0w\/whatsapp-image-2023-07-11-at-11.23.41.jpeg\" alt=\"Projeto de jovem piauiense estimula h\u00e1bito da leitura e mapeia bibliotecas pelo Brasil; conhe\u00e7a o 'Leitura Ativa' \u2014 Foto: Arquivo Pessoal\"\/><figcaption class=\"wp-element-caption\">Projeto de jovem piauiense estimula h\u00e1bito da leitura e mapeia bibliotecas pelo Brasil; conhe\u00e7a o &#8216;Leitura Ativa&#8217; \u2014 Foto: Arquivo Pessoal<\/figcaption><\/figure>\n\n\n\n<p>Atualmente, a equipe \u00e9 formada por sete jovens dos estados do Piau\u00ed, Goi\u00e1s, S\u00e3o Paulo e Minas Gerais. O projeto, no entanto, segundo Raisl\u00facio, j\u00e1 alcan\u00e7ou 16 estados, nas cinco regi\u00f5es do pa\u00eds.<\/p>\n\n\n\n<p>At\u00e9 30 de julho, o Leitura Ativa est\u00e1 com inscri\u00e7\u00f5es abertas para o processo seletivo de novos volunt\u00e1rios.\u00a0H\u00e1 vagas abertas para as seguintes fun\u00e7\u00f5es: facilitador de leitura, criador de conte\u00fado digital, assistente t\u00e9cnico, diretor de atividades, comunica\u00e7\u00e3o, admiss\u00f5es e design. O formul\u00e1rio de inscri\u00e7\u00e3o pode ser encontrado no\u00a0<a class=\"\" rel=\"noreferrer noopener\" href=\"https:\/\/www.instagram.com\/leiturativa_\/\" target=\"_blank\">perfil do projeto no Instagram<\/a>.<\/p>\n\n\n\n<h2>&#8220;Sou fiel \u00e0 ideia de que jovens podem e devem lutar por um pa\u00eds melhor e menos desigual. Tenho a percep\u00e7\u00e3o que, atualmente, o Leitura Ativa faz mais por mim do que eu por ele, pois esse projeto me concede prop\u00f3sito e permite que eu contribua com o Brasil que idealizo, um Brasil repleto de jovens leitores&#8221;.<\/h2>\n\n\n\n<p>&#8220;Nossa equipe enxerga a leitura como fonte de lazer e emancipa\u00e7\u00e3o de grupos marginalizados: os livros s\u00e3o v\u00e1lvulas de escape; instrumentos de amplia\u00e7\u00e3o de vocabul\u00e1rios, repert\u00f3rios e criatividade. S\u00e3o uma oportunidade de voc\u00ea se desconstruir pelo contato com o diferente e reconstruir a partir do contato com o igual&#8221;, contou Raisl\u00facio.<\/p>\n\n\n\n<figure class=\"wp-block-image\"><img decoding=\"async\" src=\"https:\/\/s2-g1.glbimg.com\/G43IZIe16NWD3O3IfER2UP3sw6s=\/0x0:1080x829\/984x0\/smart\/filters:strip_icc()\/i.s3.glbimg.com\/v1\/AUTH_59edd422c0c84a879bd37670ae4f538a\/internal_photos\/bs\/2023\/S\/t\/WfGvFjSkSjHBpEY5hYaQ\/whatsapp-image-2023-07-11-at-11.51.17.jpeg\" alt=\"Projeto de jovem piauiense estimula h\u00e1bito da leitura e mapeia bibliotecas pelo Brasil; conhe\u00e7a o 'Leitura Ativa' \u2014 Foto: Arquivo Pessoal\"\/><figcaption class=\"wp-element-caption\">Projeto de jovem piauiense estimula h\u00e1bito da leitura e mapeia bibliotecas pelo Brasil; conhe\u00e7a o &#8216;Leitura Ativa&#8217; \u2014 Foto: Arquivo Pessoal<\/figcaption><\/figure>\n\n\n\n<h2>Projeto surgiu durante pandemia<\/h2>\n\n\n\n<p>Ao contr\u00e1rio do que muitos podem imaginar, o h\u00e1bito da leitura n\u00e3o \u00e9 antigo na vida de Raisl\u00facio. Natural de Bel\u00e9m do Piau\u00ed e estudante de direito na Universidade Estadual (Uespi), campus Picos, o jovem come\u00e7ou a se interessar por literatura ap\u00f3s ver a rela\u00e7\u00e3o que uma amiga tinha com os livros, j\u00e1 na adolesc\u00eancia.<\/p>\n\n\n\n<p>Ao lidar com desafios relacionados a sa\u00fade mental, sobretudo durante a pandemia de Covid-19, encontrou no universo liter\u00e1rio um escape emocional.<\/p>\n\n\n\n<blockquote class=\"wp-block-quote\">\n<p>\u201cMeus av\u00f3s, minha m\u00e3e e meu pai, cresceram em um contexto marcado pela agricultura de subsist\u00eancia e o trabalho precoce, sendo que educa\u00e7\u00e3o sempre foi um direito distante. Havia o desejo de ampliar meus repert\u00f3rios socioculturais para realizar o vestibular, por\u00e9m os livros n\u00e3o me pareciam interessantes, pela falta de est\u00edmulos e de condi\u00e7\u00f5es aquisitivas\u201d, relembrou Raisl\u00facio.<\/p>\n<\/blockquote>\n\n\n\n<p>\u201cRelatei minhas circunst\u00e2ncias para uma amiga chamada Yasmin, hoje volunt\u00e1ria do Leitura Ativa, que me apresentou a obra \u2018O di\u00e1rio de Anne Frank\u2019 e disse que na nossa cidade havia uma biblioteca p\u00fablica. Pedi emprestado o livro e, quando cheguei em casa, me debrucei&#8221;, completou o jovem.<\/p>\n\n\n\n<p>A ideia de desenvolver o Leitura Ativa surgiu logo depois, ao participar como embaixador da Confer\u00eancia do Protagonismo Juvenil (CPJ), em 2021.<\/p>\n\n\n\n<p>\u201cUm dos convidados da confer\u00eancia disse \u2018a ideia para voc\u00ea que deseja transformar a sociedade pode estar em um problema que voc\u00ea conseguiu superar\u2019. Logo me remeti \u00e0 falta de est\u00edmulo e de condi\u00e7\u00e3o financeira que os jovens brasileiros, sobretudo os de baixa renda, sofrem em rela\u00e7\u00e3o ao acesso a livros. Pensei em um projeto que pudesse tornar atrativa a leitura para o jovem e levassem conhecimento sobre como eles poderiam ler, mesmo sem dinheiro\u201d, disse.<\/p>\n\n\n\n<figure class=\"wp-block-image\"><img decoding=\"async\" src=\"https:\/\/s2-g1.glbimg.com\/2OE0dPnXgiMz1hO74Mh6m9Sh8Vg=\/0x0:1080x1080\/984x0\/smart\/filters:strip_icc()\/i.s3.glbimg.com\/v1\/AUTH_59edd422c0c84a879bd37670ae4f538a\/internal_photos\/bs\/2023\/p\/b\/sWMOtvRqmBaR6lHg7iDg\/whatsapp-image-2023-07-11-at-11.51.17-1-.jpeg\" alt=\"Projeto atuou na reativa\u00e7\u00e3o da biblioteca p\u00fablica do Centro Educacional Sebasti\u00e3o de Sousa, em Bel\u00e9m do Piau\u00ed \u2014 Foto: Reprodu\u00e7\u00e3o\"\/><figcaption class=\"wp-element-caption\">Projeto atuou na reativa\u00e7\u00e3o da biblioteca p\u00fablica do Centro Educacional Sebasti\u00e3o de Sousa, em Bel\u00e9m do Piau\u00ed \u2014 Foto: Reprodu\u00e7\u00e3o<\/figcaption><\/figure>\n\n\n\n<p>Hoje, dois anos depois, a p\u00e1gina do projeto no Instagram, onde s\u00e3o realizadas lives tem\u00e1ticas e divulgadas as atividades do grupo e dicas de livros, conta com mais de mil seguidores. No Piau\u00ed, o\u00a0Leitura Ativa chegou a atuar na reativa\u00e7\u00e3o da biblioteca p\u00fablica do Centro Educacional Sebasti\u00e3o de Sousa, em Bel\u00e9m do Piau\u00ed.<\/p>\n\n\n\n<p>&#8220;Em 2022, entendi a import\u00e2ncia de montar uma equipe para solidificar e ampliar o projeto. V\u00e1rios jovens relataram que nunca haviam feito uma leitura, mas, ao ver outros jovens, se sentiram inspirados em come\u00e7ar o h\u00e1bito no Clube. Al\u00e9m disso, conectamos os jovens com uma escritora e uma dona de editora, fazendo com que aqueles que t\u00eam o desejo de escrever e publicar possam tirar d\u00favidas&#8221;, disse.<\/p>\n\n\n\n<h2>Primeiro piauiense reconhecido pela Ashoka<\/h2>\n\n\n\n<figure class=\"wp-block-image\"><img decoding=\"async\" src=\"https:\/\/s2-g1.glbimg.com\/fn0Od0WTsLQMDbId0S3i9gCeGxE=\/0x0:974x740\/984x0\/smart\/filters:strip_icc()\/i.s3.glbimg.com\/v1\/AUTH_59edd422c0c84a879bd37670ae4f538a\/internal_photos\/bs\/2023\/Y\/4\/WDqVkhRJSNsxSnDIogZw\/whatsapp-image-2023-07-11-at-12.17.01.jpeg\" alt=\"Projeto de jovem piauiense estimula h\u00e1bito da leitura e mapeia bibliotecas pelo Brasil; conhe\u00e7a o 'Leitura Ativa' \u2014 Foto: Arquivo Pessoal\"\/><figcaption class=\"wp-element-caption\">Projeto de jovem piauiense estimula h\u00e1bito da leitura e mapeia bibliotecas pelo Brasil; conhe\u00e7a o &#8216;Leitura Ativa&#8217; \u2014 Foto: Arquivo Pessoal<\/figcaption><\/figure>\n\n\n\n<p>Este ano, Raisl\u00facio se inscreveu para o Programa Jovem Transformador Ashoka. A organiza\u00e7\u00e3o identifica, anualmente, jovens de 13 a 20 anos que lideram causas, projetos e a\u00e7\u00f5es que provocam impactos positivos na sociedade brasileira. O jovem \u00e9 o primeiro piauiense selecionado pela Ashoka.<\/p>\n\n\n\n<p>&#8220;A sele\u00e7\u00e3o durou em torno de quatro meses. Foram realizadas v\u00e1rias entrevistas com empreendedores sociais, educadores, comunicadores, gestores p\u00fablicos e outras lideran\u00e7as jovens do Brasil, mas tamb\u00e9m da Indon\u00e9sia, Nig\u00e9ria e Estados Unidos&#8221;, relatou.<\/p>\n\n\n\n<p>O an\u00fancio dos Jovens Transformadores Ashoka 2023 foi feito no dia 16 de junho, durante o Festival LED \u2013 Luz na Educa\u00e7\u00e3o, no Rio de Janeiro.<\/p>\n\n\n\n<h2>&#8220;Ser selecionado \u00e9 uma oportunidade de demonstrar que o estudante piauiense, de escola p\u00fablica e do interior \u00e9 capaz de tudo aquilo que deseja. N\u00f3s somos potentes e, ao descobrirmos isso, os desafios se tornam pequenos frente aos nossos sonhos&#8221;, concluiu Raisl\u00facio Leal.<\/h2>\n\n\n\n<p><strong>Fonte: G1 PI <\/strong><\/p>\n","protected":false},"excerpt":{"rendered":"<p>O piauiense Raisl\u00facio Leal, de 20 anos, desenvolveu um projeto para incentivar o h\u00e1bito da leitura e mapear bibliotecas p\u00fablicas por todo o Brasil. Em junho deste ano, o idealizador do\u00a0\u201cLeitura Ativa\u201d\u00a0foi reconhecido como um Jovem Transformador pela Ashoka, organiza\u00e7\u00e3o mundial de empreendedorismo social. A iniciativa possui duas frentes: Clube do Livro, um espa\u00e7o online [&hellip;]<\/p>\n","protected":false},"author":1,"featured_media":50864,"comment_status":"open","ping_status":"open","sticky":false,"template":"","format":"standard","meta":{"beyondwords_generate_audio":"","beyondwords_project_id":"","beyondwords_podcast_id":"","beyondwords_hash":"","beyondwords_error_message":"","beyondwords_disabled":"","publish_post_to_speechkit":"","speechkit_generate_audio":"","speechkit_project_id":"","speechkit_podcast_id":"","speechkit_hash":"","speechkit_error_message":"","speechkit_disabled":"","speechkit_access_key":"","speechkit_error":"","speechkit_info":"","speechkit_response":"","speechkit_retries":"","_speechkit_link":"","_speechkit_text":""},"categories":[887,394,124,51],"tags":[208,82,6642,886,11638,1093,5579,1841,122,44,11639,11640,266,11641,11637,350,137,52,1030],"jetpack_featured_media_url":"https:\/\/pinews.com.br\/wp-content\/uploads\/2023\/07\/whatsapp-image-2023-07-11-at-11.18.23.jpeg","_links":{"self":[{"href":"https:\/\/pinews.com.br\/index.php\/wp-json\/wp\/v2\/posts\/50863"}],"collection":[{"href":"https:\/\/pinews.com.br\/index.php\/wp-json\/wp\/v2\/posts"}],"about":[{"href":"https:\/\/pinews.com.br\/index.php\/wp-json\/wp\/v2\/types\/post"}],"author":[{"embeddable":true,"href":"https:\/\/pinews.com.br\/index.php\/wp-json\/wp\/v2\/users\/1"}],"replies":[{"embeddable":true,"href":"https:\/\/pinews.com.br\/index.php\/wp-json\/wp\/v2\/comments?post=50863"}],"version-history":[{"count":1,"href":"https:\/\/pinews.com.br\/index.php\/wp-json\/wp\/v2\/posts\/50863\/revisions"}],"predecessor-version":[{"id":50865,"href":"https:\/\/pinews.com.br\/index.php\/wp-json\/wp\/v2\/posts\/50863\/revisions\/50865"}],"wp:featuredmedia":[{"embeddable":true,"href":"https:\/\/pinews.com.br\/index.php\/wp-json\/wp\/v2\/media\/50864"}],"wp:attachment":[{"href":"https:\/\/pinews.com.br\/index.php\/wp-json\/wp\/v2\/media?parent=50863"}],"wp:term":[{"taxonomy":"category","embeddable":true,"href":"https:\/\/pinews.com.br\/index.php\/wp-json\/wp\/v2\/categories?post=50863"},{"taxonomy":"post_tag","embeddable":true,"href":"https:\/\/pinews.com.br\/index.php\/wp-json\/wp\/v2\/tags?post=50863"}],"curies":[{"name":"wp","href":"https:\/\/api.w.org\/{rel}","templated":true}]}}