{"id":50874,"date":"2023-07-14T11:27:53","date_gmt":"2023-07-14T14:27:53","guid":{"rendered":"https:\/\/pinews.com.br\/?p=50874"},"modified":"2023-07-14T11:27:56","modified_gmt":"2023-07-14T14:27:56","slug":"mae-e-bebe-de-dois-meses-morrem-apos-cairem-de-motocicleta-no-piaui","status":"publish","type":"post","link":"https:\/\/pinews.com.br\/index.php\/2023\/07\/14\/mae-e-bebe-de-dois-meses-morrem-apos-cairem-de-motocicleta-no-piaui\/","title":{"rendered":"M\u00e3e e beb\u00ea de dois meses morrem ap\u00f3s ca\u00edrem de motocicleta no Piau\u00ed"},"content":{"rendered":"\n<p>Uma jovem de 19 anos identificada como Ant\u00f4nia Kaline da Silva Moura e a filha de dois meses, identificada como Ana Liz Silva Rodrigues, morreram ap\u00f3s ca\u00edrem de uma motocicleta na PI-114 no munic\u00edpio de Campo Maior, a 83 km de Teresina.<\/p>\n\n\n\n<p>A Pol\u00edcia Militar informou que o acidente ocorreu por volta das 20h, quando o marido de Ant\u00f4nia Kaline estava conduzindo a motocicleta na PI-114, que liga Campo Maior a Cabeceiras.<\/p>\n\n\n\n<p>O marido informou que foi desviar de um buraco, e que a m\u00e3e e a beb\u00ea acabaram caindo no ch\u00e3o.&nbsp;<\/p>\n\n\n\n<p>\u201cO marido dela, o Kau\u00e3 Rodrigues Viana, de 20 anos, informou que foi desviar de um buraco, porque vinha um caminh\u00e3o no sentido contr\u00e1rio, ele foi desviar e na hora perdeu o controle da motocicleta, sendo que a esposa e a beb\u00ea vieram ao ch\u00e3o e tiveram traumatismo craniano\u201d, informou o tenente-coronel Etevaldo Alves.<\/p>\n\n\n\n<p>Uma equipe do Samu foi acionada, mas as duas morreram ainda no local. Os corpos foram levados para o Hospital Regional de Campo Maior.<\/p>\n\n\n\n<p><strong>Fonte: B\u00e1rbara Rodrigues\/ Cidade Verde <\/strong><\/p>\n","protected":false},"excerpt":{"rendered":"<p>Uma jovem de 19 anos identificada como Ant\u00f4nia Kaline da Silva Moura e a filha de dois meses, identificada como Ana Liz Silva Rodrigues, morreram ap\u00f3s ca\u00edrem de uma motocicleta na PI-114 no munic\u00edpio de Campo Maior, a 83 km de Teresina. A Pol\u00edcia Militar informou que o acidente ocorreu por volta das 20h, quando [&hellip;]<\/p>\n","protected":false},"author":4,"featured_media":50875,"comment_status":"open","ping_status":"open","sticky":false,"template":"","format":"standard","meta":{"beyondwords_generate_audio":"","beyondwords_project_id":"","beyondwords_podcast_id":"","beyondwords_hash":"","beyondwords_error_message":"","beyondwords_disabled":"","publish_post_to_speechkit":"","speechkit_generate_audio":"","speechkit_project_id":"","speechkit_podcast_id":"","speechkit_hash":"","speechkit_error_message":"","speechkit_disabled":"","speechkit_access_key":"","speechkit_error":"","speechkit_info":"","speechkit_response":"","speechkit_retries":"","_speechkit_link":"","_speechkit_text":""},"categories":[51],"tags":[70,113,11351,44,106,117,118,261,179,52],"jetpack_featured_media_url":"https:\/\/pinews.com.br\/wp-content\/uploads\/2023\/07\/maebebeee.jpg","_links":{"self":[{"href":"https:\/\/pinews.com.br\/index.php\/wp-json\/wp\/v2\/posts\/50874"}],"collection":[{"href":"https:\/\/pinews.com.br\/index.php\/wp-json\/wp\/v2\/posts"}],"about":[{"href":"https:\/\/pinews.com.br\/index.php\/wp-json\/wp\/v2\/types\/post"}],"author":[{"embeddable":true,"href":"https:\/\/pinews.com.br\/index.php\/wp-json\/wp\/v2\/users\/4"}],"replies":[{"embeddable":true,"href":"https:\/\/pinews.com.br\/index.php\/wp-json\/wp\/v2\/comments?post=50874"}],"version-history":[{"count":1,"href":"https:\/\/pinews.com.br\/index.php\/wp-json\/wp\/v2\/posts\/50874\/revisions"}],"predecessor-version":[{"id":50876,"href":"https:\/\/pinews.com.br\/index.php\/wp-json\/wp\/v2\/posts\/50874\/revisions\/50876"}],"wp:featuredmedia":[{"embeddable":true,"href":"https:\/\/pinews.com.br\/index.php\/wp-json\/wp\/v2\/media\/50875"}],"wp:attachment":[{"href":"https:\/\/pinews.com.br\/index.php\/wp-json\/wp\/v2\/media?parent=50874"}],"wp:term":[{"taxonomy":"category","embeddable":true,"href":"https:\/\/pinews.com.br\/index.php\/wp-json\/wp\/v2\/categories?post=50874"},{"taxonomy":"post_tag","embeddable":true,"href":"https:\/\/pinews.com.br\/index.php\/wp-json\/wp\/v2\/tags?post=50874"}],"curies":[{"name":"wp","href":"https:\/\/api.w.org\/{rel}","templated":true}]}}