{"id":50918,"date":"2023-07-16T16:50:15","date_gmt":"2023-07-16T19:50:15","guid":{"rendered":"https:\/\/pinews.com.br\/?p=50918"},"modified":"2023-07-16T16:50:18","modified_gmt":"2023-07-16T19:50:18","slug":"idoso-morre-apos-ter-moto-atingida-por-carro-na-pi-392-sul-do-piaui-motorista-foi-preso","status":"publish","type":"post","link":"https:\/\/pinews.com.br\/index.php\/2023\/07\/16\/idoso-morre-apos-ter-moto-atingida-por-carro-na-pi-392-sul-do-piaui-motorista-foi-preso\/","title":{"rendered":"Idoso morre ap\u00f3s ter moto atingida por carro na PI-392, Sul do Piau\u00ed; motorista foi preso"},"content":{"rendered":"\n<p>Jos\u00e9 Alves Carvalho, 74 anos, morreu neste domingo (16) ap\u00f3s a moto que ele pilotava ser atingida por um carro na PI-392, entre\u00a0Currais\u00a0e\u00a0Bom Jesus, Sul do Piau\u00ed. O motorista foi preso em flagrante.<\/p>\n\n\n\n<p>Segundo o delegado Jucier Santos, a v\u00edtima seguia de moto para Currais e o carro estava no sentido contr\u00e1rio. Os dois ve\u00edculos colidiram de frente.<\/p>\n\n\n\n<p>O acidente ocorreu em um trecho perigoso entre Bom Jesus e Currais, conhecido como &#8216;Riacho da Palmeira&#8217;. No carro estava o motorista e um passageiro, que foram levados para delegacia de Bom Jesus.<\/p>\n\n\n\n<p>&#8220;O condutor do carro est\u00e1 preso em flagrante. Nesse caso n\u00e3o h\u00e1 fian\u00e7a e foi encaminhado para o judici\u00e1rio analisar. Sobre as circunst\u00e2ncias do acidente somente quando a per\u00edcia for conclu\u00edda&#8221;, informou o delegado.<\/p>\n\n\n\n<p><strong>Fonte: G1 PI <\/strong><\/p>\n","protected":false},"excerpt":{"rendered":"<p>Jos\u00e9 Alves Carvalho, 74 anos, morreu neste domingo (16) ap\u00f3s a moto que ele pilotava ser atingida por um carro na PI-392, entre\u00a0Currais\u00a0e\u00a0Bom Jesus, Sul do Piau\u00ed. O motorista foi preso em flagrante. Segundo o delegado Jucier Santos, a v\u00edtima seguia de moto para Currais e o carro estava no sentido contr\u00e1rio. Os dois ve\u00edculos [&hellip;]<\/p>\n","protected":false},"author":4,"featured_media":50919,"comment_status":"open","ping_status":"open","sticky":false,"template":"","format":"standard","meta":{"beyondwords_generate_audio":"","beyondwords_project_id":"","beyondwords_podcast_id":"","beyondwords_hash":"","beyondwords_error_message":"","beyondwords_disabled":"","publish_post_to_speechkit":"","speechkit_generate_audio":"","speechkit_project_id":"","speechkit_podcast_id":"","speechkit_hash":"","speechkit_error_message":"","speechkit_disabled":"","speechkit_access_key":"","speechkit_error":"","speechkit_info":"","speechkit_response":"","speechkit_retries":"","_speechkit_link":"","_speechkit_text":""},"categories":[51,78],"tags":[70,860,62,1066,64,119,304,58,91,5429,52,59,79,120,521],"jetpack_featured_media_url":"https:\/\/pinews.com.br\/wp-content\/uploads\/2023\/07\/acidente-bom-jesus-2023-07-16T164848.253.jpg","_links":{"self":[{"href":"https:\/\/pinews.com.br\/index.php\/wp-json\/wp\/v2\/posts\/50918"}],"collection":[{"href":"https:\/\/pinews.com.br\/index.php\/wp-json\/wp\/v2\/posts"}],"about":[{"href":"https:\/\/pinews.com.br\/index.php\/wp-json\/wp\/v2\/types\/post"}],"author":[{"embeddable":true,"href":"https:\/\/pinews.com.br\/index.php\/wp-json\/wp\/v2\/users\/4"}],"replies":[{"embeddable":true,"href":"https:\/\/pinews.com.br\/index.php\/wp-json\/wp\/v2\/comments?post=50918"}],"version-history":[{"count":1,"href":"https:\/\/pinews.com.br\/index.php\/wp-json\/wp\/v2\/posts\/50918\/revisions"}],"predecessor-version":[{"id":50920,"href":"https:\/\/pinews.com.br\/index.php\/wp-json\/wp\/v2\/posts\/50918\/revisions\/50920"}],"wp:featuredmedia":[{"embeddable":true,"href":"https:\/\/pinews.com.br\/index.php\/wp-json\/wp\/v2\/media\/50919"}],"wp:attachment":[{"href":"https:\/\/pinews.com.br\/index.php\/wp-json\/wp\/v2\/media?parent=50918"}],"wp:term":[{"taxonomy":"category","embeddable":true,"href":"https:\/\/pinews.com.br\/index.php\/wp-json\/wp\/v2\/categories?post=50918"},{"taxonomy":"post_tag","embeddable":true,"href":"https:\/\/pinews.com.br\/index.php\/wp-json\/wp\/v2\/tags?post=50918"}],"curies":[{"name":"wp","href":"https:\/\/api.w.org\/{rel}","templated":true}]}}